{"id":23191,"date":"2025-06-26T09:50:27","date_gmt":"2025-06-26T12:50:27","guid":{"rendered":"https:\/\/zoomproducciones.com.ar\/zoomp\/?p=23191"},"modified":"2025-06-26T09:50:28","modified_gmt":"2025-06-26T12:50:28","slug":"mauricio-macri-respaldo-el-fallo-de-la-corte-y-valoro-la-gestion-provincial-en-corrientes","status":"publish","type":"post","link":"https:\/\/zoomproducciones.com.ar\/zoomp\/mauricio-macri-respaldo-el-fallo-de-la-corte-y-valoro-la-gestion-provincial-en-corrientes\/","title":{"rendered":"Mauricio Macri respald\u00f3 el fallo de la Corte y valor\u00f3 la gesti\u00f3n provincial en Corrientes"},"content":{"rendered":"\n<p>El ex presidente Mauricio Macri se refiri\u00f3 este mi\u00e9rcoles al reciente fallo de la Corte Suprema que dej\u00f3 firme la condena por corrupci\u00f3n contra la ex mandataria Cristina Fern\u00e1ndez de Kirchner. \u201cEl m\u00e1ximo tribunal marc\u00f3 que si uno no hace las cosas dentro de la ley, tendr\u00e1 que pagar las consecuencias\u201d, expres\u00f3 ante la prensa en la ciudad correntina de Ituzaing\u00f3.<\/p>\n\n\n\n<p>Macri visit\u00f3 la localidad en el marco de una agenda que incluy\u00f3 actividades junto al gobernador Gustavo Vald\u00e9s. Desde all\u00ed tambi\u00e9n habl\u00f3 sobre su v\u00ednculo con el presidente Javier Milei y el rol del PRO en la actual gesti\u00f3n nacional. \u201cTenemos una relaci\u00f3n de afecto con el Presidente\u201d, se\u00f1al\u00f3, y destac\u00f3 que su espacio \u201capoy\u00f3 pr\u00e1cticamente todas las reformas que se trataron en el Congreso\u201d.<\/p>\n\n\n\n<p>Consultado sobre el rumbo econ\u00f3mico, el ex jefe de Estado remarc\u00f3 que \u201ctodav\u00eda falta mucho por hacer\u201d m\u00e1s all\u00e1 de los avances en materia de estabilidad macroecon\u00f3mica, aunque sostuvo que existe \u201cuna esperanza hacia adelante\u201d.<\/p>\n\n\n\n<p>En el plano electoral, evit\u00f3 definiciones concretas, pero mencion\u00f3 que Cristian Ritondo tiene el respaldo para dialogar con La Libertad Avanza en la provincia de Buenos Aires con vistas a una eventual alianza.<\/p>\n\n\n\n<p>Finalmente, Macri valor\u00f3 el trabajo del oficialismo provincial. \u201cEste grupo humano que se ha formado con Vamos Corrientes ha hecho un gran trabajo. Espero que siga gobernando\u201d, concluy\u00f3.<\/p>\n","protected":false},"excerpt":{"rendered":"<p>El ex presidente Mauricio Macri se refiri\u00f3 este mi\u00e9rcoles al reciente fallo de la Corte Suprema que dej\u00f3 firme la condena por corrupci\u00f3n contra la ex mandataria Cristina Fern\u00e1ndez de Kirchner. \u201cEl m\u00e1ximo tribunal marc\u00f3 que si uno no hace las cosas dentro de la ley, tendr\u00e1 que pagar las consecuencias\u201d, expres\u00f3 ante la prensa [&hellip;]<\/p>\n","protected":false},"author":2,"featured_media":23192,"comment_status":"closed","ping_status":"open","sticky":false,"template":"","format":"standard","meta":{"footnotes":""},"categories":[8],"tags":[511],"class_list":{"0":"post-23191","1":"post","2":"type-post","3":"status-publish","4":"format-standard","5":"has-post-thumbnail","7":"category-nacionales","8":"tag-bloque-2"},"_links":{"self":[{"href":"https:\/\/zoomproducciones.com.ar\/zoomp\/wp-json\/wp\/v2\/posts\/23191","targetHints":{"allow":["GET"]}}],"collection":[{"href":"https:\/\/zoomproducciones.com.ar\/zoomp\/wp-json\/wp\/v2\/posts"}],"about":[{"href":"https:\/\/zoomproducciones.com.ar\/zoomp\/wp-json\/wp\/v2\/types\/post"}],"author":[{"embeddable":true,"href":"https:\/\/zoomproducciones.com.ar\/zoomp\/wp-json\/wp\/v2\/users\/2"}],"replies":[{"embeddable":true,"href":"https:\/\/zoomproducciones.com.ar\/zoomp\/wp-json\/wp\/v2\/comments?post=23191"}],"version-history":[{"count":1,"href":"https:\/\/zoomproducciones.com.ar\/zoomp\/wp-json\/wp\/v2\/posts\/23191\/revisions"}],"predecessor-version":[{"id":23193,"href":"https:\/\/zoomproducciones.com.ar\/zoomp\/wp-json\/wp\/v2\/posts\/23191\/revisions\/23193"}],"wp:featuredmedia":[{"embeddable":true,"href":"https:\/\/zoomproducciones.com.ar\/zoomp\/wp-json\/wp\/v2\/media\/23192"}],"wp:attachment":[{"href":"https:\/\/zoomproducciones.com.ar\/zoomp\/wp-json\/wp\/v2\/media?parent=23191"}],"wp:term":[{"taxonomy":"category","embeddable":true,"href":"https:\/\/zoomproducciones.com.ar\/zoomp\/wp-json\/wp\/v2\/categories?post=23191"},{"taxonomy":"post_tag","embeddable":true,"href":"https:\/\/zoomproducciones.com.ar\/zoomp\/wp-json\/wp\/v2\/tags?post=23191"}],"curies":[{"name":"wp","href":"https:\/\/api.w.org\/{rel}","templated":true}]}}