{"id":23181,"date":"2025-06-26T08:32:37","date_gmt":"2025-06-26T11:32:37","guid":{"rendered":"https:\/\/zoomproducciones.com.ar\/zoomp\/?p=23181"},"modified":"2025-06-26T08:32:37","modified_gmt":"2025-06-26T11:32:37","slug":"renuncio-cesar-bentos-a-su-precandidatura-a-intendente-por-la-ucr-en-paso-de-los-libres","status":"publish","type":"post","link":"https:\/\/zoomproducciones.com.ar\/zoomp\/renuncio-cesar-bentos-a-su-precandidatura-a-intendente-por-la-ucr-en-paso-de-los-libres\/","title":{"rendered":"Renunci\u00f3 C\u00e9sar Bentos a su precandidatura a intendente por la UCR en Paso de los Libres"},"content":{"rendered":"\n<p>C\u00e9sar Bentos anunci\u00f3 p\u00fablicamente su decisi\u00f3n de renunciar a su precandidatura a intendente por la Uni\u00f3n C\u00edvica Radical en Paso de los Libres. Lo hizo en la noche del martes a trav\u00e9s de sus redes sociales, aunque ya lo hab\u00eda anticipado horas antes a los integrantes del Comit\u00e9 local del partido, reunidos en su sede partidaria.<\/p>\n\n\n\n<p>De esta manera, la UCR queda con dos precandidatas en carrera para disputar la intendencia: Ana Mi\u00f1o y Susana Espinoza.<\/p>\n\n\n\n<p>Su decisi\u00f3n de dar un paso al costado se da en momentos en que el radicalismo local deber\u00e1 definir si competir\u00e1 con candidatos propios o dentro de una alianza con Vamos Corrientes, el espacio liderado por Agust\u00edn Faraldo.<\/p>\n\n\n\n<p>Bentos, actual secretario de Coordinaci\u00f3n y Planificaci\u00f3n del Gobierno de Corrientes, expres\u00f3 en su mensaje de renuncia:<\/p>\n\n\n\n<blockquote class=\"wp-block-quote is-layout-flow wp-block-quote-is-layout-flow\">\n<p>\u201cAgradezco enormemente a todos los que me apoyaron y acompa\u00f1aron. Especialmente muchas gracias al gobernador @gustavovaldesok y a todo el equipo del comit\u00e9 UCR Paso de los Libres. @ucrplibres.oficial @ok_gustavovaldes\u201d.<\/p>\n\n\n\n<p>Fuente: Confirmado.com<\/p>\n<\/blockquote>\n","protected":false},"excerpt":{"rendered":"<p>C\u00e9sar Bentos anunci\u00f3 p\u00fablicamente su decisi\u00f3n de renunciar a su precandidatura a intendente por la Uni\u00f3n C\u00edvica Radical en Paso de los Libres. Lo hizo en la noche del martes a trav\u00e9s de sus redes sociales, aunque ya lo hab\u00eda anticipado horas antes a los integrantes del Comit\u00e9 local del partido, reunidos en su sede [&hellip;]<\/p>\n","protected":false},"author":2,"featured_media":23182,"comment_status":"closed","ping_status":"open","sticky":false,"template":"","format":"standard","meta":{"footnotes":""},"categories":[5],"tags":[42],"class_list":{"0":"post-23181","1":"post","2":"type-post","3":"status-publish","4":"format-standard","5":"has-post-thumbnail","7":"category-locales","8":"tag-featured"},"_links":{"self":[{"href":"https:\/\/zoomproducciones.com.ar\/zoomp\/wp-json\/wp\/v2\/posts\/23181","targetHints":{"allow":["GET"]}}],"collection":[{"href":"https:\/\/zoomproducciones.com.ar\/zoomp\/wp-json\/wp\/v2\/posts"}],"about":[{"href":"https:\/\/zoomproducciones.com.ar\/zoomp\/wp-json\/wp\/v2\/types\/post"}],"author":[{"embeddable":true,"href":"https:\/\/zoomproducciones.com.ar\/zoomp\/wp-json\/wp\/v2\/users\/2"}],"replies":[{"embeddable":true,"href":"https:\/\/zoomproducciones.com.ar\/zoomp\/wp-json\/wp\/v2\/comments?post=23181"}],"version-history":[{"count":1,"href":"https:\/\/zoomproducciones.com.ar\/zoomp\/wp-json\/wp\/v2\/posts\/23181\/revisions"}],"predecessor-version":[{"id":23183,"href":"https:\/\/zoomproducciones.com.ar\/zoomp\/wp-json\/wp\/v2\/posts\/23181\/revisions\/23183"}],"wp:featuredmedia":[{"embeddable":true,"href":"https:\/\/zoomproducciones.com.ar\/zoomp\/wp-json\/wp\/v2\/media\/23182"}],"wp:attachment":[{"href":"https:\/\/zoomproducciones.com.ar\/zoomp\/wp-json\/wp\/v2\/media?parent=23181"}],"wp:term":[{"taxonomy":"category","embeddable":true,"href":"https:\/\/zoomproducciones.com.ar\/zoomp\/wp-json\/wp\/v2\/categories?post=23181"},{"taxonomy":"post_tag","embeddable":true,"href":"https:\/\/zoomproducciones.com.ar\/zoomp\/wp-json\/wp\/v2\/tags?post=23181"}],"curies":[{"name":"wp","href":"https:\/\/api.w.org\/{rel}","templated":true}]}}