{"id":23178,"date":"2025-06-26T08:31:39","date_gmt":"2025-06-26T11:31:39","guid":{"rendered":"https:\/\/zoomproducciones.com.ar\/zoomp\/?p=23178"},"modified":"2025-06-26T08:31:39","modified_gmt":"2025-06-26T11:31:39","slug":"el-gobierno-elimino-el-feriado-del-27-de-junio-por-el-dia-del-trabajador-del-estado","status":"publish","type":"post","link":"https:\/\/zoomproducciones.com.ar\/zoomp\/el-gobierno-elimino-el-feriado-del-27-de-junio-por-el-dia-del-trabajador-del-estado\/","title":{"rendered":"El Gobierno elimin\u00f3 el feriado del 27 de junio por el D\u00eda del Trabajador del Estado"},"content":{"rendered":"\n<p>El Gobierno nacional oficializ\u00f3 este jueves la eliminaci\u00f3n de la jornada no laborable del 27 de junio, conocida como el \u201cD\u00eda del Trabajador del Estado\u201d, que reg\u00eda hasta ahora para los empleados de la Administraci\u00f3n P\u00fablica Nacional.<\/p>\n\n\n\n<p>La medida fue dispuesta mediante el Decreto de Necesidad y Urgencia (DNU) 430\/2025, publicado en el Bolet\u00edn Oficial, y deroga el art\u00edculo 2\u00b0 de la Ley 26.876, que establec\u00eda ese d\u00eda como asimilable a un feriado nacional para el sector p\u00fablico.<\/p>\n\n\n\n<p>Seg\u00fan argumenta el texto oficial, la decisi\u00f3n responde a la necesidad de garantizar una gesti\u00f3n p\u00fablica \u201ctransparente, \u00e1gil y eficiente\u201d, en un contexto de crisis econ\u00f3mica y frente a la existencia de 19 feriados nacionales en el a\u00f1o. El Ejecutivo consider\u00f3 que no resulta adecuado que los empleados estatales no trabajen \u201cmientras el resto de la poblaci\u00f3n lleva adelante su jornada laboral con normalidad\u201d.<\/p>\n\n\n\n<p>\u201cEl trabajo productivo es la principal herramienta de crecimiento\u201d, sostiene el decreto firmado por el presidente Javier Milei y los ministros del Gabinete Nacional.<\/p>\n\n\n\n<p>Si bien este a\u00f1o se restablece la actividad laboral para el viernes 27 de junio, el Gobierno aclar\u00f3 que esa jornada no ser\u00e1 considerada h\u00e1bil administrativa, para no afectar el c\u00f3mputo de plazos legales.<\/p>\n\n\n\n<p>Por \u00faltimo, se instruy\u00f3 comunicar la medida a la Comisi\u00f3n Bicameral Permanente del Congreso, conforme lo establece la Ley 26.122 para los decretos de necesidad y urgencia.<\/p>\n","protected":false},"excerpt":{"rendered":"<p>El Gobierno nacional oficializ\u00f3 este jueves la eliminaci\u00f3n de la jornada no laborable del 27 de junio, conocida como el \u201cD\u00eda del Trabajador del Estado\u201d, que reg\u00eda hasta ahora para los empleados de la Administraci\u00f3n P\u00fablica Nacional. La medida fue dispuesta mediante el Decreto de Necesidad y Urgencia (DNU) 430\/2025, publicado en el Bolet\u00edn Oficial, [&hellip;]<\/p>\n","protected":false},"author":2,"featured_media":23179,"comment_status":"closed","ping_status":"open","sticky":false,"template":"","format":"standard","meta":{"footnotes":""},"categories":[8],"tags":[42],"class_list":{"0":"post-23178","1":"post","2":"type-post","3":"status-publish","4":"format-standard","5":"has-post-thumbnail","7":"category-nacionales","8":"tag-featured"},"_links":{"self":[{"href":"https:\/\/zoomproducciones.com.ar\/zoomp\/wp-json\/wp\/v2\/posts\/23178","targetHints":{"allow":["GET"]}}],"collection":[{"href":"https:\/\/zoomproducciones.com.ar\/zoomp\/wp-json\/wp\/v2\/posts"}],"about":[{"href":"https:\/\/zoomproducciones.com.ar\/zoomp\/wp-json\/wp\/v2\/types\/post"}],"author":[{"embeddable":true,"href":"https:\/\/zoomproducciones.com.ar\/zoomp\/wp-json\/wp\/v2\/users\/2"}],"replies":[{"embeddable":true,"href":"https:\/\/zoomproducciones.com.ar\/zoomp\/wp-json\/wp\/v2\/comments?post=23178"}],"version-history":[{"count":1,"href":"https:\/\/zoomproducciones.com.ar\/zoomp\/wp-json\/wp\/v2\/posts\/23178\/revisions"}],"predecessor-version":[{"id":23180,"href":"https:\/\/zoomproducciones.com.ar\/zoomp\/wp-json\/wp\/v2\/posts\/23178\/revisions\/23180"}],"wp:featuredmedia":[{"embeddable":true,"href":"https:\/\/zoomproducciones.com.ar\/zoomp\/wp-json\/wp\/v2\/media\/23179"}],"wp:attachment":[{"href":"https:\/\/zoomproducciones.com.ar\/zoomp\/wp-json\/wp\/v2\/media?parent=23178"}],"wp:term":[{"taxonomy":"category","embeddable":true,"href":"https:\/\/zoomproducciones.com.ar\/zoomp\/wp-json\/wp\/v2\/categories?post=23178"},{"taxonomy":"post_tag","embeddable":true,"href":"https:\/\/zoomproducciones.com.ar\/zoomp\/wp-json\/wp\/v2\/tags?post=23178"}],"curies":[{"name":"wp","href":"https:\/\/api.w.org\/{rel}","templated":true}]}}