{"id":23168,"date":"2025-06-25T09:34:59","date_gmt":"2025-06-25T12:34:59","guid":{"rendered":"https:\/\/zoomproducciones.com.ar\/zoomp\/?p=23168"},"modified":"2025-06-25T09:34:59","modified_gmt":"2025-06-25T12:34:59","slug":"pezeshkian-dio-por-terminada-la-guerra-con-israel-y-trump-se-atribuyo-el-alto-el-fuego","status":"publish","type":"post","link":"https:\/\/zoomproducciones.com.ar\/zoomp\/pezeshkian-dio-por-terminada-la-guerra-con-israel-y-trump-se-atribuyo-el-alto-el-fuego\/","title":{"rendered":"Pezeshkian dio por terminada la guerra con Israel y Trump se atribuy\u00f3 el alto el fuego"},"content":{"rendered":"\n<p>El presidente de Ir\u00e1n, Masud Pezeshkian, asegur\u00f3 este martes que la guerra de doce d\u00edas con Israel ha finalizado, luego de la entrada en vigor del alto el fuego propuesto por el presidente estadounidense Donald Trump. Desde Jerusal\u00e9n, el primer ministro israel\u00ed, Benjam\u00edn Netanyahu, advirti\u00f3 que su gobierno mantendr\u00e1 la misma \u201cdeterminaci\u00f3n y fuerza\u201d si Ir\u00e1n intenta reactivar su programa nuclear.<\/p>\n\n\n\n<p>En un mensaje a la naci\u00f3n, Pezeshkian afirm\u00f3 que, \u201ctras la valiente resistencia del pueblo iran\u00ed\u201d, se logr\u00f3 frenar una guerra \u201cimpuesta por el aventurerismo y la incitaci\u00f3n del Gobierno israel\u00ed\u201d, seg\u00fan report\u00f3 la agencia estatal IRIB. El mandatario sostuvo que se alcanz\u00f3 una \u201cvictoria hist\u00f3rica\u201d y expres\u00f3 disposici\u00f3n para avanzar en la resoluci\u00f3n de los conflictos con Estados Unidos.<\/p>\n\n\n\n<p>A trav\u00e9s de la misma cadena estatal y citado por CNN, Pezeshkian reiter\u00f3 que Ir\u00e1n no busca fabricar armas nucleares, aunque ratific\u00f3 que continuar\u00e1 defendiendo su derecho a desarrollar un programa nuclear civil. En una llamada con el presidente de Emiratos \u00c1rabes Unidos, Mohamed bin Zayed, remarc\u00f3: \u201cLa Rep\u00fablica Isl\u00e1mica s\u00f3lo busca hacer valer sus derechos leg\u00edtimos\u201d.<\/p>\n\n\n\n<p>Desde Tel Aviv, el ministro de Defensa de Israel, Israel Katz, asegur\u00f3 a su par estadounidense, Pete Hegseth, que Israel acatar\u00e1 el cese de hostilidades \u201cmientras la otra parte lo haga\u201d. Tambi\u00e9n agradeci\u00f3 a la administraci\u00f3n Trump por su respaldo durante el conflicto y consider\u00f3 que los ataques conjuntos debilitaron la amenaza nuclear iran\u00ed.<\/p>\n\n\n\n<p>En su primera aparici\u00f3n p\u00fablica tras el inicio del alto el fuego, Netanyahu subray\u00f3 que su pa\u00eds logr\u00f3 una \u201cvictoria hist\u00f3rica\u201d mediante el ataque a instalaciones cr\u00edticas del programa nuclear iran\u00ed, incluyendo plantas de centrifugaci\u00f3n, laboratorios, almacenes y plataformas de misiles bal\u00edsticos. \u201cSi alguien intenta reactivarlo, actuaremos con la misma determinaci\u00f3n y fuerza\u201d, advirti\u00f3.<\/p>\n\n\n\n<p>Horas antes, Trump mantuvo una conversaci\u00f3n telef\u00f3nica con Netanyahu en la que ambos coincidieron en que el alto el fuego est\u00e1 en vigor y debe ser respetado. Desde su red Truth Social, el mandatario norteamericano se adjudic\u00f3 el \u00e9xito diplom\u00e1tico: \u201c\u00a1Fue un gran honor para m\u00ed destruir todas las instalaciones y capacidades nucleares, y luego, PARAR LA GUERRA!\u201d.<\/p>\n\n\n\n<p>La tregua lleg\u00f3 luego de intensos bombardeos cruzados entre Teher\u00e1n, Jerusal\u00e9n y Washington, en el marco de un conflicto que escal\u00f3 r\u00e1pidamente y mantuvo en vilo a la comunidad internacional. Por ahora, las partes involucradas esperan que se mantenga la fr\u00e1gil calma.<\/p>\n","protected":false},"excerpt":{"rendered":"<p>El presidente de Ir\u00e1n, Masud Pezeshkian, asegur\u00f3 este martes que la guerra de doce d\u00edas con Israel ha finalizado, luego de la entrada en vigor del alto el fuego propuesto por el presidente estadounidense Donald Trump. Desde Jerusal\u00e9n, el primer ministro israel\u00ed, Benjam\u00edn Netanyahu, advirti\u00f3 que su gobierno mantendr\u00e1 la misma \u201cdeterminaci\u00f3n y fuerza\u201d si [&hellip;]<\/p>\n","protected":false},"author":2,"featured_media":23169,"comment_status":"closed","ping_status":"open","sticky":false,"template":"","format":"standard","meta":{"footnotes":""},"categories":[8],"tags":[511],"class_list":{"0":"post-23168","1":"post","2":"type-post","3":"status-publish","4":"format-standard","5":"has-post-thumbnail","7":"category-nacionales","8":"tag-bloque-2"},"_links":{"self":[{"href":"https:\/\/zoomproducciones.com.ar\/zoomp\/wp-json\/wp\/v2\/posts\/23168","targetHints":{"allow":["GET"]}}],"collection":[{"href":"https:\/\/zoomproducciones.com.ar\/zoomp\/wp-json\/wp\/v2\/posts"}],"about":[{"href":"https:\/\/zoomproducciones.com.ar\/zoomp\/wp-json\/wp\/v2\/types\/post"}],"author":[{"embeddable":true,"href":"https:\/\/zoomproducciones.com.ar\/zoomp\/wp-json\/wp\/v2\/users\/2"}],"replies":[{"embeddable":true,"href":"https:\/\/zoomproducciones.com.ar\/zoomp\/wp-json\/wp\/v2\/comments?post=23168"}],"version-history":[{"count":1,"href":"https:\/\/zoomproducciones.com.ar\/zoomp\/wp-json\/wp\/v2\/posts\/23168\/revisions"}],"predecessor-version":[{"id":23170,"href":"https:\/\/zoomproducciones.com.ar\/zoomp\/wp-json\/wp\/v2\/posts\/23168\/revisions\/23170"}],"wp:featuredmedia":[{"embeddable":true,"href":"https:\/\/zoomproducciones.com.ar\/zoomp\/wp-json\/wp\/v2\/media\/23169"}],"wp:attachment":[{"href":"https:\/\/zoomproducciones.com.ar\/zoomp\/wp-json\/wp\/v2\/media?parent=23168"}],"wp:term":[{"taxonomy":"category","embeddable":true,"href":"https:\/\/zoomproducciones.com.ar\/zoomp\/wp-json\/wp\/v2\/categories?post=23168"},{"taxonomy":"post_tag","embeddable":true,"href":"https:\/\/zoomproducciones.com.ar\/zoomp\/wp-json\/wp\/v2\/tags?post=23168"}],"curies":[{"name":"wp","href":"https:\/\/api.w.org\/{rel}","templated":true}]}}