{"id":23153,"date":"2025-06-25T09:22:21","date_gmt":"2025-06-25T12:22:21","guid":{"rendered":"https:\/\/zoomproducciones.com.ar\/zoomp\/?p=23153"},"modified":"2025-06-25T09:22:22","modified_gmt":"2025-06-25T12:22:22","slug":"el-gobierno-veto-la-ley-que-creaba-un-fondo-de-emergencia-para-bahia-blanca","status":"publish","type":"post","link":"https:\/\/zoomproducciones.com.ar\/zoomp\/el-gobierno-veto-la-ley-que-creaba-un-fondo-de-emergencia-para-bahia-blanca\/","title":{"rendered":"El Gobierno vet\u00f3 la ley que creaba un fondo de emergencia para Bah\u00eda Blanca"},"content":{"rendered":"\n<p>El presidente Javier Milei vet\u00f3 este martes la ley que establec\u00eda la creaci\u00f3n de un fondo especial de $200.000 millones para asistir a las localidades bonaerenses de Bah\u00eda Blanca y Coronel Rosales, afectadas por las inundaciones del pasado 7 de marzo. La decisi\u00f3n fue oficializada a trav\u00e9s del Decreto 424\/2025, con el argumento de que los recursos ya hab\u00edan sido otorgados previamente.<\/p>\n\n\n\n<p>Desde el Gobierno sostienen que la medida legislativa resulta redundante, dado que el 1\u00b0 de abril ya se hab\u00eda dispuesto una asistencia equivalente mediante un Decreto de Necesidad y Urgencia. Seg\u00fan detall\u00f3 el vocero presidencial, Manuel Adorni, esa ayuda incluy\u00f3 transferencias directas por $200.000 millones, $10.000 millones al municipio, tres l\u00edneas de financiamiento desde el Banco Naci\u00f3n, nueve vuelos con insumos y medicamentos, ambulancias, un hospital m\u00f3vil y el despliegue de fuerzas federales que rescataron a 716 personas.<\/p>\n\n\n\n<p>\u201cCasi tres meses despu\u00e9s, la casta pol\u00edtica pretende hacer pol\u00edtica con la tragedia aprobando en el Congreso un proyecto que se superpone con los recursos ya transferidos. Por eso el presidente Milei vet\u00f3 la ley que duplicaba la asistencia ya dispuesta\u201d, expres\u00f3 Adorni a trav\u00e9s de sus redes sociales.<\/p>\n\n\n\n<p>El Congreso hab\u00eda aprobado la iniciativa por ampl\u00edsima mayor\u00eda. El Senado la vot\u00f3 el 7 de mayo con 68 votos a favor, mientras que la C\u00e1mara de Diputados la convirti\u00f3 en ley el 4 de junio con 153 votos positivos y 32 en contra, la mayor\u00eda de La Libertad Avanza. Ambas votaciones superaron los dos tercios, por lo que el Congreso podr\u00eda insistir con su sanci\u00f3n original.<\/p>\n\n\n\n<p>Entre los argumentos t\u00e9cnicos del veto, el Ejecutivo se\u00f1al\u00f3 que la ley no especifica la fuente de financiamiento para las erogaciones previstas, tal como exige el art\u00edculo 38 de la Ley de Administraci\u00f3n Financiera N\u00b0 24.156. En ese sentido, se indic\u00f3 que \u201ccualquier ley que autorice gastos no contemplados en el presupuesto debe establecer claramente c\u00f3mo se financiar\u00e1n\u201d.<\/p>\n\n\n\n<p>La ley vetada hab\u00eda sido impulsada por los senadores Juliana Di Tullio, Eduardo \u201cWado\u201d de Pedro (Uni\u00f3n por la Patria) y Maximiliano Abad (UCR), con el objetivo de declarar la emergencia en ambas ciudades y asignar fondos extraordinarios para su reconstrucci\u00f3n.<\/p>\n","protected":false},"excerpt":{"rendered":"<p>El presidente Javier Milei vet\u00f3 este martes la ley que establec\u00eda la creaci\u00f3n de un fondo especial de $200.000 millones para asistir a las localidades bonaerenses de Bah\u00eda Blanca y Coronel Rosales, afectadas por las inundaciones del pasado 7 de marzo. La decisi\u00f3n fue oficializada a trav\u00e9s del Decreto 424\/2025, con el argumento de que [&hellip;]<\/p>\n","protected":false},"author":2,"featured_media":22902,"comment_status":"closed","ping_status":"open","sticky":false,"template":"","format":"standard","meta":{"footnotes":""},"categories":[8],"tags":[42],"class_list":{"0":"post-23153","1":"post","2":"type-post","3":"status-publish","4":"format-standard","5":"has-post-thumbnail","7":"category-nacionales","8":"tag-featured"},"_links":{"self":[{"href":"https:\/\/zoomproducciones.com.ar\/zoomp\/wp-json\/wp\/v2\/posts\/23153","targetHints":{"allow":["GET"]}}],"collection":[{"href":"https:\/\/zoomproducciones.com.ar\/zoomp\/wp-json\/wp\/v2\/posts"}],"about":[{"href":"https:\/\/zoomproducciones.com.ar\/zoomp\/wp-json\/wp\/v2\/types\/post"}],"author":[{"embeddable":true,"href":"https:\/\/zoomproducciones.com.ar\/zoomp\/wp-json\/wp\/v2\/users\/2"}],"replies":[{"embeddable":true,"href":"https:\/\/zoomproducciones.com.ar\/zoomp\/wp-json\/wp\/v2\/comments?post=23153"}],"version-history":[{"count":1,"href":"https:\/\/zoomproducciones.com.ar\/zoomp\/wp-json\/wp\/v2\/posts\/23153\/revisions"}],"predecessor-version":[{"id":23158,"href":"https:\/\/zoomproducciones.com.ar\/zoomp\/wp-json\/wp\/v2\/posts\/23153\/revisions\/23158"}],"wp:featuredmedia":[{"embeddable":true,"href":"https:\/\/zoomproducciones.com.ar\/zoomp\/wp-json\/wp\/v2\/media\/22902"}],"wp:attachment":[{"href":"https:\/\/zoomproducciones.com.ar\/zoomp\/wp-json\/wp\/v2\/media?parent=23153"}],"wp:term":[{"taxonomy":"category","embeddable":true,"href":"https:\/\/zoomproducciones.com.ar\/zoomp\/wp-json\/wp\/v2\/categories?post=23153"},{"taxonomy":"post_tag","embeddable":true,"href":"https:\/\/zoomproducciones.com.ar\/zoomp\/wp-json\/wp\/v2\/tags?post=23153"}],"curies":[{"name":"wp","href":"https:\/\/api.w.org\/{rel}","templated":true}]}}