{"id":23150,"date":"2025-06-25T09:22:23","date_gmt":"2025-06-25T12:22:23","guid":{"rendered":"https:\/\/zoomproducciones.com.ar\/zoomp\/?p=23150"},"modified":"2025-06-25T09:31:56","modified_gmt":"2025-06-25T12:31:56","slug":"la-ucr-competira-con-formula-propia-en-paso-de-los-libres","status":"publish","type":"post","link":"https:\/\/zoomproducciones.com.ar\/zoomp\/la-ucr-competira-con-formula-propia-en-paso-de-los-libres\/","title":{"rendered":"La UCR competir\u00e1 con f\u00f3rmula propia en Paso de los Libres"},"content":{"rendered":"\n<p>La Uni\u00f3n C\u00edvica Radical decidi\u00f3 participar en las pr\u00f3ximas elecciones con formula propia. En los pr\u00f3ximos d\u00edas se dar\u00e1 a conocer los nombres que competiran el 31 de agosto.<\/p>\n\n\n\n<p>El partido principal de la Alianza Vamos Corrientes, decidi\u00f3 llevar f\u00f3rmula propia de cara a los comicios de agosto. De esta manera, buscar\u00e1n recuperar el municipio que perdieron en 2017.<\/p>\n\n\n\n<p>Con esta definici\u00f3n, el panorama electoral se reconfigura y anticipa una contienda local fuerte. Habr\u00e1n, al menos, cuatro candidatos de distintos frentes, dispuestos a pelear por el sill\u00f3n de Di Tomaso<\/p>\n\n\n\n<p><\/p>\n\n\n\n<p><\/p>\n","protected":false},"excerpt":{"rendered":"<p>La Uni\u00f3n C\u00edvica Radical decidi\u00f3 participar en las pr\u00f3ximas elecciones con formula propia. En los pr\u00f3ximos d\u00edas se dar\u00e1 a conocer los nombres que competiran el 31 de agosto. El partido principal de la Alianza Vamos Corrientes, decidi\u00f3 llevar f\u00f3rmula propia de cara a los comicios de agosto. De esta manera, buscar\u00e1n recuperar el municipio [&hellip;]<\/p>\n","protected":false},"author":2,"featured_media":23151,"comment_status":"closed","ping_status":"open","sticky":false,"template":"","format":"standard","meta":{"footnotes":""},"categories":[5],"tags":[42],"class_list":{"0":"post-23150","1":"post","2":"type-post","3":"status-publish","4":"format-standard","5":"has-post-thumbnail","7":"category-locales","8":"tag-featured"},"_links":{"self":[{"href":"https:\/\/zoomproducciones.com.ar\/zoomp\/wp-json\/wp\/v2\/posts\/23150","targetHints":{"allow":["GET"]}}],"collection":[{"href":"https:\/\/zoomproducciones.com.ar\/zoomp\/wp-json\/wp\/v2\/posts"}],"about":[{"href":"https:\/\/zoomproducciones.com.ar\/zoomp\/wp-json\/wp\/v2\/types\/post"}],"author":[{"embeddable":true,"href":"https:\/\/zoomproducciones.com.ar\/zoomp\/wp-json\/wp\/v2\/users\/2"}],"replies":[{"embeddable":true,"href":"https:\/\/zoomproducciones.com.ar\/zoomp\/wp-json\/wp\/v2\/comments?post=23150"}],"version-history":[{"count":3,"href":"https:\/\/zoomproducciones.com.ar\/zoomp\/wp-json\/wp\/v2\/posts\/23150\/revisions"}],"predecessor-version":[{"id":23166,"href":"https:\/\/zoomproducciones.com.ar\/zoomp\/wp-json\/wp\/v2\/posts\/23150\/revisions\/23166"}],"wp:featuredmedia":[{"embeddable":true,"href":"https:\/\/zoomproducciones.com.ar\/zoomp\/wp-json\/wp\/v2\/media\/23151"}],"wp:attachment":[{"href":"https:\/\/zoomproducciones.com.ar\/zoomp\/wp-json\/wp\/v2\/media?parent=23150"}],"wp:term":[{"taxonomy":"category","embeddable":true,"href":"https:\/\/zoomproducciones.com.ar\/zoomp\/wp-json\/wp\/v2\/categories?post=23150"},{"taxonomy":"post_tag","embeddable":true,"href":"https:\/\/zoomproducciones.com.ar\/zoomp\/wp-json\/wp\/v2\/tags?post=23150"}],"curies":[{"name":"wp","href":"https:\/\/api.w.org\/{rel}","templated":true}]}}