{"id":23147,"date":"2025-06-24T08:50:16","date_gmt":"2025-06-24T11:50:16","guid":{"rendered":"https:\/\/zoomproducciones.com.ar\/zoomp\/?p=23147"},"modified":"2025-06-24T08:50:17","modified_gmt":"2025-06-24T11:50:17","slug":"gobernadores-avanzan-con-proyecto-propio-para-distribuir-fondos-del-impuesto-a-los-combustibles-y-los-atn","status":"publish","type":"post","link":"https:\/\/zoomproducciones.com.ar\/zoomp\/gobernadores-avanzan-con-proyecto-propio-para-distribuir-fondos-del-impuesto-a-los-combustibles-y-los-atn\/","title":{"rendered":"Gobernadores avanzan con proyecto propio para distribuir fondos del impuesto a los combustibles y los ATN"},"content":{"rendered":"\n<p>Mandatarios provinciales de distintos espacios pol\u00edticos acordaron este martes impulsar por su cuenta un proyecto de ley que establece una nueva distribuci\u00f3n de los fondos recaudados por el Impuesto a los Combustibles L\u00edquidos y los Aportes del Tesoro Nacional (ATN), sin acuerdo previo con la Casa Rosada.<\/p>\n\n\n\n<p>La decisi\u00f3n se tom\u00f3 tras una reuni\u00f3n celebrada en la sede del Consejo Federal de Inversiones (CFI), en Azopardo 750, donde los gobernadores se encontraron con funcionarios del Gobierno nacional para expresar su preocupaci\u00f3n por la ca\u00edda de la recaudaci\u00f3n y el impacto en las finanzas provinciales.<\/p>\n\n\n\n<p>Durante el encuentro, estuvieron presentes el vicejefe de Gabinete del Interior, Lisandro Catal\u00e1n, y el secretario de Hacienda, Carlos Guberman, quien detall\u00f3 la situaci\u00f3n fiscal y present\u00f3 una contrapropuesta, cuyos detalles no fueron dados a conocer. Ambos funcionarios permanecieron cerca de una hora y media y se comprometieron a continuar con las mesas de di\u00e1logo.<\/p>\n\n\n\n<p>Sin embargo, tras la retirada de los representantes del Ejecutivo, los gobernadores continuaron la deliberaci\u00f3n y resolvieron avanzar con una propuesta legislativa que no cuenta con aval de Naci\u00f3n.<\/p>\n\n\n\n<p>El proyecto busca eliminar los fondos fiduciarios financiados con el Impuesto a los Combustibles L\u00edquidos (Ley 23.966) y que esos recursos sean redistribuidos seg\u00fan las prioridades de cada jurisdicci\u00f3n. Adem\u00e1s, propone coparticipar los ATN bajo los criterios de la Ley de Coparticipaci\u00f3n Federal (Ley 23.548).<\/p>\n\n\n\n<p>Desde el entorno del jefe de Gabinete, Guillermo Francos, minimizaron el impacto del desacuerdo, asegurando que no generar\u00e1 un conflicto mayor con las provincias.<\/p>\n\n\n\n<p>El documento difundido por los mandatarios aclara que la iniciativa no comprometer\u00e1 la sostenibilidad fiscal nacional y busca fortalecer un modelo de federalismo \u201cm\u00e1s justo y equitativo\u201d. En esa l\u00ednea, el gobernador de La Pampa, Sergio Ziliotto, sostuvo en redes sociales que los fondos reclamados son \u201cimprescindibles para sostener la salud, la educaci\u00f3n, la seguridad, la justicia, la contenci\u00f3n social y la obra p\u00fablica en nuestras jurisdicciones\u201d.<\/p>\n","protected":false},"excerpt":{"rendered":"<p>Mandatarios provinciales de distintos espacios pol\u00edticos acordaron este martes impulsar por su cuenta un proyecto de ley que establece una nueva distribuci\u00f3n de los fondos recaudados por el Impuesto a los Combustibles L\u00edquidos y los Aportes del Tesoro Nacional (ATN), sin acuerdo previo con la Casa Rosada. La decisi\u00f3n se tom\u00f3 tras una reuni\u00f3n celebrada [&hellip;]<\/p>\n","protected":false},"author":2,"featured_media":23148,"comment_status":"closed","ping_status":"open","sticky":false,"template":"","format":"standard","meta":{"footnotes":""},"categories":[5,8],"tags":[511],"class_list":{"0":"post-23147","1":"post","2":"type-post","3":"status-publish","4":"format-standard","5":"has-post-thumbnail","7":"category-locales","8":"category-nacionales","9":"tag-bloque-2"},"_links":{"self":[{"href":"https:\/\/zoomproducciones.com.ar\/zoomp\/wp-json\/wp\/v2\/posts\/23147","targetHints":{"allow":["GET"]}}],"collection":[{"href":"https:\/\/zoomproducciones.com.ar\/zoomp\/wp-json\/wp\/v2\/posts"}],"about":[{"href":"https:\/\/zoomproducciones.com.ar\/zoomp\/wp-json\/wp\/v2\/types\/post"}],"author":[{"embeddable":true,"href":"https:\/\/zoomproducciones.com.ar\/zoomp\/wp-json\/wp\/v2\/users\/2"}],"replies":[{"embeddable":true,"href":"https:\/\/zoomproducciones.com.ar\/zoomp\/wp-json\/wp\/v2\/comments?post=23147"}],"version-history":[{"count":1,"href":"https:\/\/zoomproducciones.com.ar\/zoomp\/wp-json\/wp\/v2\/posts\/23147\/revisions"}],"predecessor-version":[{"id":23149,"href":"https:\/\/zoomproducciones.com.ar\/zoomp\/wp-json\/wp\/v2\/posts\/23147\/revisions\/23149"}],"wp:featuredmedia":[{"embeddable":true,"href":"https:\/\/zoomproducciones.com.ar\/zoomp\/wp-json\/wp\/v2\/media\/23148"}],"wp:attachment":[{"href":"https:\/\/zoomproducciones.com.ar\/zoomp\/wp-json\/wp\/v2\/media?parent=23147"}],"wp:term":[{"taxonomy":"category","embeddable":true,"href":"https:\/\/zoomproducciones.com.ar\/zoomp\/wp-json\/wp\/v2\/categories?post=23147"},{"taxonomy":"post_tag","embeddable":true,"href":"https:\/\/zoomproducciones.com.ar\/zoomp\/wp-json\/wp\/v2\/tags?post=23147"}],"curies":[{"name":"wp","href":"https:\/\/api.w.org\/{rel}","templated":true}]}}