{"id":22773,"date":"2025-05-30T09:19:21","date_gmt":"2025-05-30T12:19:21","guid":{"rendered":"https:\/\/zoomproducciones.com.ar\/zoomp\/?p=22773"},"modified":"2025-05-30T09:19:21","modified_gmt":"2025-05-30T12:19:21","slug":"esquina-un-joven-murio-tras-chocar-contra-un-arbol-con-su-moto-en-la-ruta-12","status":"publish","type":"post","link":"https:\/\/zoomproducciones.com.ar\/zoomp\/esquina-un-joven-murio-tras-chocar-contra-un-arbol-con-su-moto-en-la-ruta-12\/","title":{"rendered":"Esquina: un joven muri\u00f3 tras chocar contra un \u00e1rbol con su moto en la Ruta 12"},"content":{"rendered":"\n<p>Un joven identificado como Ezequiel Aranda muri\u00f3 este mi\u00e9rcoles por la noche en la localidad correntina de Esquina, luego de perder el control de su motocicleta e impactar contra un \u00e1rbol. El hecho ocurri\u00f3 cerca de las 21.30 sobre la Ruta Nacional N\u00b012, en el acceso sur a la ciudad.<\/p>\n\n\n\n<p>Seg\u00fan inform\u00f3 la Polic\u00eda de Corrientes, la v\u00edctima circulaba en una moto de 110 cc cuando, por razones que a\u00fan se investigan, perdi\u00f3 el control del rodado y colision\u00f3 violentamente contra un \u00e1rbol a la vera del camino.<\/p>\n\n\n\n<p>Tras el aviso a las autoridades, personal policial y una ambulancia se presentaron en el lugar del siniestro. Debido a la gravedad de las heridas, Aranda fue trasladado de urgencia al hospital local, donde finalmente se confirm\u00f3 su fallecimiento.<\/p>\n\n\n\n<p>La Comisar\u00eda jurisdiccional qued\u00f3 a cargo de la investigaci\u00f3n, y en el lugar del hecho se realizaron las pericias correspondientes bajo intervenci\u00f3n de la unidad fiscal en turno. Adem\u00e1s, se llevan adelante las actuaciones de rigor para determinar con precisi\u00f3n las causas del accidente.<\/p>\n","protected":false},"excerpt":{"rendered":"<p>Un joven identificado como Ezequiel Aranda muri\u00f3 este mi\u00e9rcoles por la noche en la localidad correntina de Esquina, luego de perder el control de su motocicleta e impactar contra un \u00e1rbol. El hecho ocurri\u00f3 cerca de las 21.30 sobre la Ruta Nacional N\u00b012, en el acceso sur a la ciudad. Seg\u00fan inform\u00f3 la Polic\u00eda de [&hellip;]<\/p>\n","protected":false},"author":2,"featured_media":22774,"comment_status":"closed","ping_status":"open","sticky":false,"template":"","format":"standard","meta":{"footnotes":""},"categories":[8],"tags":[511],"class_list":{"0":"post-22773","1":"post","2":"type-post","3":"status-publish","4":"format-standard","5":"has-post-thumbnail","7":"category-nacionales","8":"tag-bloque-2"},"_links":{"self":[{"href":"https:\/\/zoomproducciones.com.ar\/zoomp\/wp-json\/wp\/v2\/posts\/22773","targetHints":{"allow":["GET"]}}],"collection":[{"href":"https:\/\/zoomproducciones.com.ar\/zoomp\/wp-json\/wp\/v2\/posts"}],"about":[{"href":"https:\/\/zoomproducciones.com.ar\/zoomp\/wp-json\/wp\/v2\/types\/post"}],"author":[{"embeddable":true,"href":"https:\/\/zoomproducciones.com.ar\/zoomp\/wp-json\/wp\/v2\/users\/2"}],"replies":[{"embeddable":true,"href":"https:\/\/zoomproducciones.com.ar\/zoomp\/wp-json\/wp\/v2\/comments?post=22773"}],"version-history":[{"count":1,"href":"https:\/\/zoomproducciones.com.ar\/zoomp\/wp-json\/wp\/v2\/posts\/22773\/revisions"}],"predecessor-version":[{"id":22775,"href":"https:\/\/zoomproducciones.com.ar\/zoomp\/wp-json\/wp\/v2\/posts\/22773\/revisions\/22775"}],"wp:featuredmedia":[{"embeddable":true,"href":"https:\/\/zoomproducciones.com.ar\/zoomp\/wp-json\/wp\/v2\/media\/22774"}],"wp:attachment":[{"href":"https:\/\/zoomproducciones.com.ar\/zoomp\/wp-json\/wp\/v2\/media?parent=22773"}],"wp:term":[{"taxonomy":"category","embeddable":true,"href":"https:\/\/zoomproducciones.com.ar\/zoomp\/wp-json\/wp\/v2\/categories?post=22773"},{"taxonomy":"post_tag","embeddable":true,"href":"https:\/\/zoomproducciones.com.ar\/zoomp\/wp-json\/wp\/v2\/tags?post=22773"}],"curies":[{"name":"wp","href":"https:\/\/api.w.org\/{rel}","templated":true}]}}