{"id":22747,"date":"2025-05-29T10:16:22","date_gmt":"2025-05-29T13:16:22","guid":{"rendered":"https:\/\/zoomproducciones.com.ar\/zoomp\/?p=22747"},"modified":"2025-05-29T10:16:23","modified_gmt":"2025-05-29T13:16:23","slug":"alertan-por-posible-colapso-en-el-hospital-garrahan-por-falta-de-presupuesto-y-salarios-congelados","status":"publish","type":"post","link":"https:\/\/zoomproducciones.com.ar\/zoomp\/alertan-por-posible-colapso-en-el-hospital-garrahan-por-falta-de-presupuesto-y-salarios-congelados\/","title":{"rendered":"Alertan por posible colapso en el Hospital Garrahan por falta de presupuesto y salarios congelados"},"content":{"rendered":"\n<p>El secretario general de la Junta Interna de ATE en el Hospital Garrahan, Alejandro Lipcovich, advirti\u00f3 que la instituci\u00f3n estar\u00eda atravesando una situaci\u00f3n cr\u00edtica como consecuencia del congelamiento presupuestario y el deterioro salarial del personal. \u201cEs una situaci\u00f3n que est\u00e1 llegando a un nivel de colapso\u201d, afirm\u00f3 el dirigente gremial en declaraciones a <em>Splendid AM 990<\/em>.<\/p>\n\n\n\n<p>Seg\u00fan Lipcovich, el derrumbe de los ingresos afecta a todos los sectores que hacen posible el funcionamiento del hospital pedi\u00e1trico de alta complejidad. \u201cTenemos un derrumbe salarial que afecta a todas las profesiones y oficios que se desempe\u00f1an en el Garrahan\u201d, expres\u00f3.<\/p>\n\n\n\n<p>El sindicalista atribuy\u00f3 la crisis a las pol\u00edticas del gobierno de Javier Milei y asegur\u00f3 que, seg\u00fan su visi\u00f3n, \u201cla pol\u00edtica del gobierno, dicho en forma desvergonzada por (el ministro de Salud, Mario) Lugones, es aniquilar todo vestigio de responsabilidad del Estado Nacional en la provisi\u00f3n de servicios de salud\u201d.<\/p>\n\n\n\n<p>Lipcovich explic\u00f3 que la estructura del hospital requiere de un entramado de profesionales altamente capacitados que, actualmente, estar\u00edan cobrando salarios por debajo de la l\u00ednea de pobreza. Esto, indic\u00f3, habr\u00eda generado un aumento en las renuncias y un debilitamiento de los equipos de trabajo. \u201cEl problema del salario es el m\u00e1s sentido, porque el congelamiento y el retroceso en el nivel de vida ha provocado el vaciamiento de equipos que es imposible de reemplazar\u201d, asegur\u00f3.<\/p>\n\n\n\n<p>Frente a este escenario, la asamblea de trabajadores habr\u00eda resuelto llevar adelante un paro y una huelga de residentes. Lipcovich afirm\u00f3 que el conflicto \u201cpuede ser definitivo para la continuidad del propio hospital\u201d y agreg\u00f3 que otros centros de salud como el Hospital Posadas y el Hospital Bonaparte estar\u00edan atravesando problemas similares.<\/p>\n\n\n\n<p>Adem\u00e1s, denunci\u00f3 que el Gobierno no estar\u00eda reemplazando al personal que renuncia y que el presupuesto de 2024 sigue siendo el mismo que el del a\u00f1o pasado, pese al impacto de la inflaci\u00f3n. Como consecuencia, se habr\u00eda reducido la atenci\u00f3n en \u00e1reas como la farmacia, donde \u2014seg\u00fan detall\u00f3\u2014 ya se habr\u00edan ido siete farmac\u00e9uticos.<\/p>\n\n\n\n<p>\u201cQueremos ponerle un freno a esta sangr\u00eda\u201d, sostuvo, al tiempo que remarc\u00f3 la importancia del Garrahan como hospital pedi\u00e1trico de referencia nacional, con m\u00e1s de 600.000 consultas anuales de ni\u00f1as y ni\u00f1os de todo el pa\u00eds.<\/p>\n\n\n\n<p>Lipcovich concluy\u00f3 con un llamado a mejorar los salarios y las condiciones laborales, al se\u00f1alar que lo que est\u00e1 en juego es \u201cel devenir del hospital y de lo que las familias y esos ni\u00f1os y ni\u00f1as necesitan\u201d.<\/p>\n","protected":false},"excerpt":{"rendered":"<p>El secretario general de la Junta Interna de ATE en el Hospital Garrahan, Alejandro Lipcovich, advirti\u00f3 que la instituci\u00f3n estar\u00eda atravesando una situaci\u00f3n cr\u00edtica como consecuencia del congelamiento presupuestario y el deterioro salarial del personal. \u201cEs una situaci\u00f3n que est\u00e1 llegando a un nivel de colapso\u201d, afirm\u00f3 el dirigente gremial en declaraciones a Splendid AM [&hellip;]<\/p>\n","protected":false},"author":2,"featured_media":22748,"comment_status":"closed","ping_status":"open","sticky":false,"template":"","format":"standard","meta":{"footnotes":""},"categories":[8],"tags":[511],"class_list":{"0":"post-22747","1":"post","2":"type-post","3":"status-publish","4":"format-standard","5":"has-post-thumbnail","7":"category-nacionales","8":"tag-bloque-2"},"_links":{"self":[{"href":"https:\/\/zoomproducciones.com.ar\/zoomp\/wp-json\/wp\/v2\/posts\/22747","targetHints":{"allow":["GET"]}}],"collection":[{"href":"https:\/\/zoomproducciones.com.ar\/zoomp\/wp-json\/wp\/v2\/posts"}],"about":[{"href":"https:\/\/zoomproducciones.com.ar\/zoomp\/wp-json\/wp\/v2\/types\/post"}],"author":[{"embeddable":true,"href":"https:\/\/zoomproducciones.com.ar\/zoomp\/wp-json\/wp\/v2\/users\/2"}],"replies":[{"embeddable":true,"href":"https:\/\/zoomproducciones.com.ar\/zoomp\/wp-json\/wp\/v2\/comments?post=22747"}],"version-history":[{"count":1,"href":"https:\/\/zoomproducciones.com.ar\/zoomp\/wp-json\/wp\/v2\/posts\/22747\/revisions"}],"predecessor-version":[{"id":22749,"href":"https:\/\/zoomproducciones.com.ar\/zoomp\/wp-json\/wp\/v2\/posts\/22747\/revisions\/22749"}],"wp:featuredmedia":[{"embeddable":true,"href":"https:\/\/zoomproducciones.com.ar\/zoomp\/wp-json\/wp\/v2\/media\/22748"}],"wp:attachment":[{"href":"https:\/\/zoomproducciones.com.ar\/zoomp\/wp-json\/wp\/v2\/media?parent=22747"}],"wp:term":[{"taxonomy":"category","embeddable":true,"href":"https:\/\/zoomproducciones.com.ar\/zoomp\/wp-json\/wp\/v2\/categories?post=22747"},{"taxonomy":"post_tag","embeddable":true,"href":"https:\/\/zoomproducciones.com.ar\/zoomp\/wp-json\/wp\/v2\/tags?post=22747"}],"curies":[{"name":"wp","href":"https:\/\/api.w.org\/{rel}","templated":true}]}}