{"id":22741,"date":"2025-05-29T10:09:18","date_gmt":"2025-05-29T13:09:18","guid":{"rendered":"https:\/\/zoomproducciones.com.ar\/zoomp\/?p=22741"},"modified":"2025-05-29T10:09:19","modified_gmt":"2025-05-29T13:09:19","slug":"paso-de-los-libres-recuperan-ventiladores-robados-de-una-escuela-primaria-y-demoran-al-sospechoso","status":"publish","type":"post","link":"https:\/\/zoomproducciones.com.ar\/zoomp\/paso-de-los-libres-recuperan-ventiladores-robados-de-una-escuela-primaria-y-demoran-al-sospechoso\/","title":{"rendered":"Paso de los Libres: recuperan ventiladores robados de una escuela primaria y demoran al sospechoso"},"content":{"rendered":"\n<p>La Polic\u00eda de Corrientes logr\u00f3 esclarecer un robo ocurrido el pasado 26 de mayo en la Escuela Primaria N\u00b0 242 \u201cGral. Manuel Belgrano\u201d, donde se hab\u00edan sustra\u00eddo dos ventiladores de pared durante la madrugada.<\/p>\n\n\n\n<p>Seg\u00fan informaron desde la Comisar\u00eda Segunda, el hecho se produjo alrededor de las 5 de la ma\u00f1ana. A partir del an\u00e1lisis de las c\u00e1maras de seguridad del establecimiento y tareas investigativas, el personal policial logr\u00f3 identificar al presunto autor del robo: un hombre identificado como <strong>Garicoche Ram\u00f3n \u00c1ngel<\/strong>, quien fue demorado en las inmediaciones de su domicilio.<\/p>\n\n\n\n<p>Durante el avance de la investigaci\u00f3n, la polic\u00eda obtuvo el dato de que los ventiladores sustra\u00eddos habr\u00edan sido vendidos en la zona del barrio La Balanza. Gracias a ello, se pudo ubicar a las personas que los hab\u00edan adquirido, <strong>Daniel Ver\u00f3n y Carlos Gonz\u00e1lez<\/strong>, quienes entregaron voluntariamente los artefactos al enterarse de su origen il\u00edcito.<\/p>\n\n\n\n<p>Los dos ventiladores fueron recuperados y puestos a disposici\u00f3n de la Justicia. La causa est\u00e1 a cargo del fiscal <strong>Facundo Alfredo Sotelo<\/strong>.<\/p>\n\n\n\n<p>La actuaci\u00f3n fue llevada adelante por personal de investigaci\u00f3n de la <strong>Comisar\u00eda Segunda de Paso de los Libres<\/strong>, dependiente de la <strong>Unidad Regional IV<\/strong> de la Polic\u00eda de Corrientes.<\/p>\n","protected":false},"excerpt":{"rendered":"<p>La Polic\u00eda de Corrientes logr\u00f3 esclarecer un robo ocurrido el pasado 26 de mayo en la Escuela Primaria N\u00b0 242 \u201cGral. Manuel Belgrano\u201d, donde se hab\u00edan sustra\u00eddo dos ventiladores de pared durante la madrugada. Seg\u00fan informaron desde la Comisar\u00eda Segunda, el hecho se produjo alrededor de las 5 de la ma\u00f1ana. A partir del an\u00e1lisis [&hellip;]<\/p>\n","protected":false},"author":2,"featured_media":22742,"comment_status":"closed","ping_status":"open","sticky":false,"template":"","format":"standard","meta":{"footnotes":""},"categories":[5],"tags":[511],"class_list":{"0":"post-22741","1":"post","2":"type-post","3":"status-publish","4":"format-standard","5":"has-post-thumbnail","7":"category-locales","8":"tag-bloque-2"},"_links":{"self":[{"href":"https:\/\/zoomproducciones.com.ar\/zoomp\/wp-json\/wp\/v2\/posts\/22741","targetHints":{"allow":["GET"]}}],"collection":[{"href":"https:\/\/zoomproducciones.com.ar\/zoomp\/wp-json\/wp\/v2\/posts"}],"about":[{"href":"https:\/\/zoomproducciones.com.ar\/zoomp\/wp-json\/wp\/v2\/types\/post"}],"author":[{"embeddable":true,"href":"https:\/\/zoomproducciones.com.ar\/zoomp\/wp-json\/wp\/v2\/users\/2"}],"replies":[{"embeddable":true,"href":"https:\/\/zoomproducciones.com.ar\/zoomp\/wp-json\/wp\/v2\/comments?post=22741"}],"version-history":[{"count":1,"href":"https:\/\/zoomproducciones.com.ar\/zoomp\/wp-json\/wp\/v2\/posts\/22741\/revisions"}],"predecessor-version":[{"id":22743,"href":"https:\/\/zoomproducciones.com.ar\/zoomp\/wp-json\/wp\/v2\/posts\/22741\/revisions\/22743"}],"wp:featuredmedia":[{"embeddable":true,"href":"https:\/\/zoomproducciones.com.ar\/zoomp\/wp-json\/wp\/v2\/media\/22742"}],"wp:attachment":[{"href":"https:\/\/zoomproducciones.com.ar\/zoomp\/wp-json\/wp\/v2\/media?parent=22741"}],"wp:term":[{"taxonomy":"category","embeddable":true,"href":"https:\/\/zoomproducciones.com.ar\/zoomp\/wp-json\/wp\/v2\/categories?post=22741"},{"taxonomy":"post_tag","embeddable":true,"href":"https:\/\/zoomproducciones.com.ar\/zoomp\/wp-json\/wp\/v2\/tags?post=22741"}],"curies":[{"name":"wp","href":"https:\/\/api.w.org\/{rel}","templated":true}]}}