{"id":22734,"date":"2025-05-29T10:05:44","date_gmt":"2025-05-29T13:05:44","guid":{"rendered":"https:\/\/zoomproducciones.com.ar\/zoomp\/?p=22734"},"modified":"2025-05-29T10:05:45","modified_gmt":"2025-05-29T13:05:45","slug":"caso-loan-finalizo-la-investigacion-y-piden-la-elevacion-a-juicio","status":"publish","type":"post","link":"https:\/\/zoomproducciones.com.ar\/zoomp\/caso-loan-finalizo-la-investigacion-y-piden-la-elevacion-a-juicio\/","title":{"rendered":"Caso Loan: finaliz\u00f3 la investigaci\u00f3n y piden la elevaci\u00f3n a juicio"},"content":{"rendered":"\n<p>La investigaci\u00f3n por la desaparici\u00f3n de Loan Danilo Pe\u00f1a, ocurrida el 13 de junio del a\u00f1o pasado en la provincia de Corrientes, lleg\u00f3 a su fin. Los fiscales solicitaron el cierre de la etapa de instrucci\u00f3n a la jueza federal Cristina Pozzer Penzo, seg\u00fan inform\u00f3 <em>Diario \u00c9poca<\/em>.<\/p>\n\n\n\n<p>El pedido fue presentado por el fiscal federal de Goya, Enrique Mariano De Guzm\u00e1n, en conjunto con Marcelo Colombo y Alejandra Mangano, integrantes de la Procuradur\u00eda de Trata y Explotaci\u00f3n de Personas (Protex).<\/p>\n\n\n\n<p>En la causa principal est\u00e1n procesadas siete personas: Laudelina Pe\u00f1a y su pareja Bernardino Antonio Ben\u00edtez; M\u00f3nica del Carmen Millapi y su esposo Daniel \u00abFierrito\u00bb Ram\u00edrez; la funcionaria Mar\u00eda Victoria Caillava; su esposo, el marino retirado Carlos P\u00e9rez; y el ex comisario Walter Adri\u00e1n Maciel.<\/p>\n\n\n\n<p>Seg\u00fan fuentes del caso citadas por el medio, los defensores tienen un plazo de seis d\u00edas para presentar objeciones al pedido de clausura de la instrucci\u00f3n. Si no hay oposiciones o si estas son rechazadas, la causa se encaminar\u00e1 a juicio oral.<\/p>\n\n\n\n<p>En paralelo, el Tribunal Oral Federal ya resolvi\u00f3 que los diez imputados en la causa conexa no ser\u00e1n juzgados por separado, al rechazar un pedido para dividir los debates. En esa segunda investigaci\u00f3n est\u00e1n procesados Elizabeth Noem\u00ed Cutaia, Alan Juan Jos\u00e9 Ca\u00f1ete, Pablo Gabriel N\u00fa\u00f1ez, Ver\u00f3nica Paola Machuca Yuni, Valeria Liliana L\u00f3pez, Esteban Federico Rossi Colombo, Nicol\u00e1s Gabriel \u00abEl Americano\u00bb Soria, Leonardo Daniel Rubio, Pablo Javier Noguera y Delfina Taborda.<\/p>\n\n\n\n<p>El Tribunal argument\u00f3 en su resoluci\u00f3n, enviada tambi\u00e9n a este medio, que la elevaci\u00f3n parcial no era procedente dado que \u201cno se hab\u00eda completado la investigaci\u00f3n del hecho que dio origen a la causa\u201d.<\/p>\n\n\n\n<p><strong>Fuente:<\/strong> <em>Diario \u00c9poca<\/em>.<\/p>\n","protected":false},"excerpt":{"rendered":"<p>La investigaci\u00f3n por la desaparici\u00f3n de Loan Danilo Pe\u00f1a, ocurrida el 13 de junio del a\u00f1o pasado en la provincia de Corrientes, lleg\u00f3 a su fin. Los fiscales solicitaron el cierre de la etapa de instrucci\u00f3n a la jueza federal Cristina Pozzer Penzo, seg\u00fan inform\u00f3 Diario \u00c9poca. El pedido fue presentado por el fiscal federal [&hellip;]<\/p>\n","protected":false},"author":2,"featured_media":22735,"comment_status":"closed","ping_status":"open","sticky":false,"template":"","format":"standard","meta":{"footnotes":""},"categories":[8],"tags":[42],"class_list":{"0":"post-22734","1":"post","2":"type-post","3":"status-publish","4":"format-standard","5":"has-post-thumbnail","7":"category-nacionales","8":"tag-featured"},"_links":{"self":[{"href":"https:\/\/zoomproducciones.com.ar\/zoomp\/wp-json\/wp\/v2\/posts\/22734","targetHints":{"allow":["GET"]}}],"collection":[{"href":"https:\/\/zoomproducciones.com.ar\/zoomp\/wp-json\/wp\/v2\/posts"}],"about":[{"href":"https:\/\/zoomproducciones.com.ar\/zoomp\/wp-json\/wp\/v2\/types\/post"}],"author":[{"embeddable":true,"href":"https:\/\/zoomproducciones.com.ar\/zoomp\/wp-json\/wp\/v2\/users\/2"}],"replies":[{"embeddable":true,"href":"https:\/\/zoomproducciones.com.ar\/zoomp\/wp-json\/wp\/v2\/comments?post=22734"}],"version-history":[{"count":1,"href":"https:\/\/zoomproducciones.com.ar\/zoomp\/wp-json\/wp\/v2\/posts\/22734\/revisions"}],"predecessor-version":[{"id":22739,"href":"https:\/\/zoomproducciones.com.ar\/zoomp\/wp-json\/wp\/v2\/posts\/22734\/revisions\/22739"}],"wp:featuredmedia":[{"embeddable":true,"href":"https:\/\/zoomproducciones.com.ar\/zoomp\/wp-json\/wp\/v2\/media\/22735"}],"wp:attachment":[{"href":"https:\/\/zoomproducciones.com.ar\/zoomp\/wp-json\/wp\/v2\/media?parent=22734"}],"wp:term":[{"taxonomy":"category","embeddable":true,"href":"https:\/\/zoomproducciones.com.ar\/zoomp\/wp-json\/wp\/v2\/categories?post=22734"},{"taxonomy":"post_tag","embeddable":true,"href":"https:\/\/zoomproducciones.com.ar\/zoomp\/wp-json\/wp\/v2\/tags?post=22734"}],"curies":[{"name":"wp","href":"https:\/\/api.w.org\/{rel}","templated":true}]}}