{"id":22732,"date":"2025-05-29T10:05:47","date_gmt":"2025-05-29T13:05:47","guid":{"rendered":"https:\/\/zoomproducciones.com.ar\/zoomp\/?p=22732"},"modified":"2025-05-29T10:31:30","modified_gmt":"2025-05-29T13:31:30","slug":"siempre-que-llovio-paro-salio-el-sol-en-paso-de-los-libres-luego-de-dias-con-lluvias","status":"publish","type":"post","link":"https:\/\/zoomproducciones.com.ar\/zoomp\/siempre-que-llovio-paro-salio-el-sol-en-paso-de-los-libres-luego-de-dias-con-lluvias\/","title":{"rendered":"Siempre que llovi\u00f3, par\u00f3: sali\u00f3 el sol en Paso de los Libres luego de d\u00edas con lluvias"},"content":{"rendered":"\n<p>Despu\u00e9s de varios d\u00edas marcados por intensas lluvias que provocaron anegamientos y la asistencia a m\u00e1s de 150 familias en Paso de los Libres, este jueves el cielo amaneci\u00f3 despejado y el clima comenz\u00f3 a mostrar se\u00f1ales de mejora.<\/p>\n\n\n\n<p>Seg\u00fan el Servicio Meteorol\u00f3gico Nacional (SMN), se espera una jornada fresca, con una temperatura m\u00ednima de 5\u00b0C y una m\u00e1xima que alcanzar\u00e1 los 13\u00b0C. Lo m\u00e1s alentador es que el pron\u00f3stico indica que no habr\u00e1 nuevas lluvias en los pr\u00f3ximos d\u00edas, lo que representa un alivio para una ciudad que viene de enfrentar severas inundaciones.<\/p>\n\n\n\n<p>La estabilizaci\u00f3n del tiempo permitir\u00e1 que avancen las tareas de asistencia, limpieza y recuperaci\u00f3n en los barrios afectados. La mejora en las condiciones clim\u00e1ticas tambi\u00e9n es una buena noticia para las actividades productivas y educativas, que se vieron alteradas por las lluvias.<\/p>\n\n\n\n<p>Como dice el dicho: <em>siempre que llovi\u00f3, par\u00f3<\/em>. En Paso de los Libres, el sol comienza a asomar otra vez.<\/p>\n","protected":false},"excerpt":{"rendered":"<p>Despu\u00e9s de varios d\u00edas marcados por intensas lluvias que provocaron anegamientos y la asistencia a m\u00e1s de 150 familias en Paso de los Libres, este jueves el cielo amaneci\u00f3 despejado y el clima comenz\u00f3 a mostrar se\u00f1ales de mejora. Seg\u00fan el Servicio Meteorol\u00f3gico Nacional (SMN), se espera una jornada fresca, con una temperatura m\u00ednima de [&hellip;]<\/p>\n","protected":false},"author":2,"featured_media":22733,"comment_status":"closed","ping_status":"open","sticky":false,"template":"","format":"standard","meta":{"footnotes":""},"categories":[5],"tags":[42],"class_list":{"0":"post-22732","1":"post","2":"type-post","3":"status-publish","4":"format-standard","5":"has-post-thumbnail","7":"category-locales","8":"tag-featured"},"_links":{"self":[{"href":"https:\/\/zoomproducciones.com.ar\/zoomp\/wp-json\/wp\/v2\/posts\/22732","targetHints":{"allow":["GET"]}}],"collection":[{"href":"https:\/\/zoomproducciones.com.ar\/zoomp\/wp-json\/wp\/v2\/posts"}],"about":[{"href":"https:\/\/zoomproducciones.com.ar\/zoomp\/wp-json\/wp\/v2\/types\/post"}],"author":[{"embeddable":true,"href":"https:\/\/zoomproducciones.com.ar\/zoomp\/wp-json\/wp\/v2\/users\/2"}],"replies":[{"embeddable":true,"href":"https:\/\/zoomproducciones.com.ar\/zoomp\/wp-json\/wp\/v2\/comments?post=22732"}],"version-history":[{"count":2,"href":"https:\/\/zoomproducciones.com.ar\/zoomp\/wp-json\/wp\/v2\/posts\/22732\/revisions"}],"predecessor-version":[{"id":22753,"href":"https:\/\/zoomproducciones.com.ar\/zoomp\/wp-json\/wp\/v2\/posts\/22732\/revisions\/22753"}],"wp:featuredmedia":[{"embeddable":true,"href":"https:\/\/zoomproducciones.com.ar\/zoomp\/wp-json\/wp\/v2\/media\/22733"}],"wp:attachment":[{"href":"https:\/\/zoomproducciones.com.ar\/zoomp\/wp-json\/wp\/v2\/media?parent=22732"}],"wp:term":[{"taxonomy":"category","embeddable":true,"href":"https:\/\/zoomproducciones.com.ar\/zoomp\/wp-json\/wp\/v2\/categories?post=22732"},{"taxonomy":"post_tag","embeddable":true,"href":"https:\/\/zoomproducciones.com.ar\/zoomp\/wp-json\/wp\/v2\/tags?post=22732"}],"curies":[{"name":"wp","href":"https:\/\/api.w.org\/{rel}","templated":true}]}}