{"id":22718,"date":"2025-05-28T09:35:12","date_gmt":"2025-05-28T12:35:12","guid":{"rendered":"https:\/\/zoomproducciones.com.ar\/zoomp\/?p=22718"},"modified":"2025-05-28T09:35:13","modified_gmt":"2025-05-28T12:35:13","slug":"el-pj-nacional-respalda-la-candidatura-de-tincho-ascua-y-anuncia-la-visita-de-cristina-kirchner-a-paso-de-los-libres","status":"publish","type":"post","link":"https:\/\/zoomproducciones.com.ar\/zoomp\/el-pj-nacional-respalda-la-candidatura-de-tincho-ascua-y-anuncia-la-visita-de-cristina-kirchner-a-paso-de-los-libres\/","title":{"rendered":"El PJ nacional respalda la candidatura de Tincho Asc\u00faa y anuncia la visita de Cristina Kirchner a Paso de los Libres"},"content":{"rendered":"\n<p>En una reciente reuni\u00f3n del Consejo Nacional del Partido Justicialista, encabezada por Cristina Fern\u00e1ndez de Kirchner, se oficializ\u00f3 el respaldo sin objeciones a la candidatura a gobernador de Mart\u00edn \u201cTincho\u201d Asc\u00faa en Corrientes. El encuentro se desarroll\u00f3 en la hist\u00f3rica sede de la calle Matheu, donde la presidenta del PJ correntino, Ana Almir\u00f3n, fue designada como vocera, junto al consejero nacional Jos\u00e9 Ottavis.<\/p>\n\n\n\n<p>Durante la misma jornada, el Partido Justicialista confirm\u00f3 que la exmandataria visitar\u00e1 Paso de los Libres el pr\u00f3ximo s\u00e1bado 7 de junio. El anuncio fue realizado por Almir\u00f3n junto al senador nacional Jos\u00e9 Mayans, quienes actuaron como portavoces ante los medios.<\/p>\n\n\n\n<p>De cara a esa esperada visita, el PJ correntino defini\u00f3 la convocatoria a una reuni\u00f3n del Consejo Provincial para este s\u00e1bado 31 de mayo, tambi\u00e9n en Paso de los Libres. Participar\u00e1n los 72 candidatos a intendentes del peronismo provincial y se prev\u00e9 la difusi\u00f3n de una solicitada p\u00fablica en respaldo a la presencia de Cristina Kirchner en territorio correntino.<\/p>\n","protected":false},"excerpt":{"rendered":"<p>En una reciente reuni\u00f3n del Consejo Nacional del Partido Justicialista, encabezada por Cristina Fern\u00e1ndez de Kirchner, se oficializ\u00f3 el respaldo sin objeciones a la candidatura a gobernador de Mart\u00edn \u201cTincho\u201d Asc\u00faa en Corrientes. El encuentro se desarroll\u00f3 en la hist\u00f3rica sede de la calle Matheu, donde la presidenta del PJ correntino, Ana Almir\u00f3n, fue designada [&hellip;]<\/p>\n","protected":false},"author":2,"featured_media":22719,"comment_status":"closed","ping_status":"open","sticky":false,"template":"","format":"standard","meta":{"footnotes":""},"categories":[8],"tags":[42],"class_list":{"0":"post-22718","1":"post","2":"type-post","3":"status-publish","4":"format-standard","5":"has-post-thumbnail","7":"category-nacionales","8":"tag-featured"},"_links":{"self":[{"href":"https:\/\/zoomproducciones.com.ar\/zoomp\/wp-json\/wp\/v2\/posts\/22718","targetHints":{"allow":["GET"]}}],"collection":[{"href":"https:\/\/zoomproducciones.com.ar\/zoomp\/wp-json\/wp\/v2\/posts"}],"about":[{"href":"https:\/\/zoomproducciones.com.ar\/zoomp\/wp-json\/wp\/v2\/types\/post"}],"author":[{"embeddable":true,"href":"https:\/\/zoomproducciones.com.ar\/zoomp\/wp-json\/wp\/v2\/users\/2"}],"replies":[{"embeddable":true,"href":"https:\/\/zoomproducciones.com.ar\/zoomp\/wp-json\/wp\/v2\/comments?post=22718"}],"version-history":[{"count":1,"href":"https:\/\/zoomproducciones.com.ar\/zoomp\/wp-json\/wp\/v2\/posts\/22718\/revisions"}],"predecessor-version":[{"id":22720,"href":"https:\/\/zoomproducciones.com.ar\/zoomp\/wp-json\/wp\/v2\/posts\/22718\/revisions\/22720"}],"wp:featuredmedia":[{"embeddable":true,"href":"https:\/\/zoomproducciones.com.ar\/zoomp\/wp-json\/wp\/v2\/media\/22719"}],"wp:attachment":[{"href":"https:\/\/zoomproducciones.com.ar\/zoomp\/wp-json\/wp\/v2\/media?parent=22718"}],"wp:term":[{"taxonomy":"category","embeddable":true,"href":"https:\/\/zoomproducciones.com.ar\/zoomp\/wp-json\/wp\/v2\/categories?post=22718"},{"taxonomy":"post_tag","embeddable":true,"href":"https:\/\/zoomproducciones.com.ar\/zoomp\/wp-json\/wp\/v2\/tags?post=22718"}],"curies":[{"name":"wp","href":"https:\/\/api.w.org\/{rel}","templated":true}]}}