{"id":22703,"date":"2025-05-27T07:53:59","date_gmt":"2025-05-27T10:53:59","guid":{"rendered":"https:\/\/zoomproducciones.com.ar\/zoomp\/?p=22703"},"modified":"2025-05-27T07:54:00","modified_gmt":"2025-05-27T10:54:00","slug":"una-familia-correntina-necesito-casi-un-millon-de-pesos-en-abril-para-no-ser-pobre-segun-el-isepci","status":"publish","type":"post","link":"https:\/\/zoomproducciones.com.ar\/zoomp\/una-familia-correntina-necesito-casi-un-millon-de-pesos-en-abril-para-no-ser-pobre-segun-el-isepci\/","title":{"rendered":"Una familia correntina necesit\u00f3 casi un mill\u00f3n de pesos en abril para no ser pobre, seg\u00fan el Isepci"},"content":{"rendered":"\n<p>El Instituto de Investigaci\u00f3n Social, Econ\u00f3mica y Pol\u00edtica Ciudadana (Isepci) revel\u00f3 este lunes que, durante abril, una familia tipo en Corrientes necesit\u00f3 <strong>$966.341,61<\/strong> para no caer por debajo de la l\u00ednea de pobreza. La cifra surge del relevamiento mensual del \u00cdndice Barrial de Precios (IBP), que se realiza en base a los precios de 57 productos de la Canasta B\u00e1sica Total (CBT).<\/p>\n\n\n\n<p>Adem\u00e1s, el estudio determin\u00f3 que para cubrir \u00fanicamente las necesidades alimentarias m\u00ednimas y evitar la indigencia, esa misma familia requiri\u00f3 <strong>$423.834,04<\/strong>, correspondientes a la Canasta B\u00e1sica Alimentaria (CBA).<\/p>\n\n\n\n<blockquote class=\"wp-block-quote is-layout-flow wp-block-quote-is-layout-flow\">\n<p>\u201cEste relevamiento refleja el costo de vida con respecto a la alimentaci\u00f3n b\u00e1sica y los servicios esenciales para el bienestar de cada familia\u201d, se\u00f1ala el informe del Isepci.<\/p>\n<\/blockquote>\n\n\n\n<p>El relevamiento se realiz\u00f3 en m\u00e1s de <strong>300 comercios<\/strong> de seis localidades de la provincia: <strong>Corrientes Capital, Empedrado, Goya, Santa Rosa, Curuz\u00fa Cuati\u00e1 y Monte Caseros<\/strong>.<\/p>\n\n\n\n<h3 class=\"wp-block-heading\">Aumentos anuales y rubros m\u00e1s afectados<\/h3>\n\n\n\n<p>La directora del Isepci en Corrientes, <strong>Silvana Lagra\u00f1a<\/strong>, explic\u00f3 que <strong>la variaci\u00f3n anual interanual de abril 2024 a abril 2025 fue del 37,80 % en la CBT<\/strong> \u2014un aumento de m\u00e1s de $520 mil pesos\u2014, mientras que la <strong>CBA subi\u00f3 30,54 %, es decir, $99.163,23<\/strong>.<\/p>\n\n\n\n<p>En relaci\u00f3n con la inflaci\u00f3n mensual, ambas canastas aumentaron un <strong>4,28 %<\/strong> respecto a marzo. Lagra\u00f1a advirti\u00f3 que \u201clos costos de ambas canastas siguen siendo elevados\u201d, y que esto se agrava por \u201cel deterioro sostenido del poder adquisitivo de los hogares, producto de las pol\u00edticas regresivas, los recortes en ingresos y la quita de subsidios\u201d.<\/p>\n\n\n\n<p>Uno de los rubros con mayores incrementos fue <strong>carnicer\u00eda<\/strong>, que registr\u00f3 una suba del <strong>7,79 %<\/strong>, con aumentos destacados en cortes como el h\u00edgado y la paleta (<strong>+16,67 %<\/strong>), la nalga (<strong>+11,80 %<\/strong>) y el pollo (<strong>+11,43 %<\/strong>). Seg\u00fan Lagra\u00f1a, estos aumentos \u201cpueden derivar en una reducci\u00f3n del consumo, ya sea por eliminaci\u00f3n o sustituci\u00f3n de estos alimentos esenciales\u201d.<\/p>\n\n\n\n<h3 class=\"wp-block-heading\">Preocupaci\u00f3n por el empleo y el consumo<\/h3>\n\n\n\n<p>A pesar de una desaceleraci\u00f3n de la inflaci\u00f3n respecto a meses anteriores, el Isepci advierte que <strong>el costo de vida contin\u00faa siendo alto<\/strong> y que no hay certezas sobre una mejora inmediata en el ingreso familiar o el empleo formal.<\/p>\n\n\n\n<blockquote class=\"wp-block-quote is-layout-flow wp-block-quote-is-layout-flow\">\n<p>\u201cEn un contexto donde se proyecta un crecimiento econ\u00f3mico, no hay garant\u00edas de que eso se traduzca en la recuperaci\u00f3n del trabajo formal. La informalidad laboral y el riesgo de cierre de Pymes generan una preocupaci\u00f3n creciente en la provincia y en el pa\u00eds\u201d, concluy\u00f3 Lagra\u00f1a.<\/p>\n<\/blockquote>\n","protected":false},"excerpt":{"rendered":"<p>El Instituto de Investigaci\u00f3n Social, Econ\u00f3mica y Pol\u00edtica Ciudadana (Isepci) revel\u00f3 este lunes que, durante abril, una familia tipo en Corrientes necesit\u00f3 $966.341,61 para no caer por debajo de la l\u00ednea de pobreza. La cifra surge del relevamiento mensual del \u00cdndice Barrial de Precios (IBP), que se realiza en base a los precios de 57 [&hellip;]<\/p>\n","protected":false},"author":2,"featured_media":21049,"comment_status":"closed","ping_status":"open","sticky":false,"template":"","format":"standard","meta":{"footnotes":""},"categories":[3],"tags":[511],"class_list":{"0":"post-22703","1":"post","2":"type-post","3":"status-publish","4":"format-standard","5":"has-post-thumbnail","7":"category-provinciales","8":"tag-bloque-2"},"_links":{"self":[{"href":"https:\/\/zoomproducciones.com.ar\/zoomp\/wp-json\/wp\/v2\/posts\/22703","targetHints":{"allow":["GET"]}}],"collection":[{"href":"https:\/\/zoomproducciones.com.ar\/zoomp\/wp-json\/wp\/v2\/posts"}],"about":[{"href":"https:\/\/zoomproducciones.com.ar\/zoomp\/wp-json\/wp\/v2\/types\/post"}],"author":[{"embeddable":true,"href":"https:\/\/zoomproducciones.com.ar\/zoomp\/wp-json\/wp\/v2\/users\/2"}],"replies":[{"embeddable":true,"href":"https:\/\/zoomproducciones.com.ar\/zoomp\/wp-json\/wp\/v2\/comments?post=22703"}],"version-history":[{"count":1,"href":"https:\/\/zoomproducciones.com.ar\/zoomp\/wp-json\/wp\/v2\/posts\/22703\/revisions"}],"predecessor-version":[{"id":22704,"href":"https:\/\/zoomproducciones.com.ar\/zoomp\/wp-json\/wp\/v2\/posts\/22703\/revisions\/22704"}],"wp:featuredmedia":[{"embeddable":true,"href":"https:\/\/zoomproducciones.com.ar\/zoomp\/wp-json\/wp\/v2\/media\/21049"}],"wp:attachment":[{"href":"https:\/\/zoomproducciones.com.ar\/zoomp\/wp-json\/wp\/v2\/media?parent=22703"}],"wp:term":[{"taxonomy":"category","embeddable":true,"href":"https:\/\/zoomproducciones.com.ar\/zoomp\/wp-json\/wp\/v2\/categories?post=22703"},{"taxonomy":"post_tag","embeddable":true,"href":"https:\/\/zoomproducciones.com.ar\/zoomp\/wp-json\/wp\/v2\/tags?post=22703"}],"curies":[{"name":"wp","href":"https:\/\/api.w.org\/{rel}","templated":true}]}}