{"id":22700,"date":"2025-05-27T07:46:46","date_gmt":"2025-05-27T10:46:46","guid":{"rendered":"https:\/\/zoomproducciones.com.ar\/zoomp\/?p=22700"},"modified":"2025-05-27T07:46:47","modified_gmt":"2025-05-27T10:46:47","slug":"el-gobierno-impulsa-una-profunda-reforma-del-sistema-de-salud-y-oficializa-la-salida-de-argentina-de-la-oms","status":"publish","type":"post","link":"https:\/\/zoomproducciones.com.ar\/zoomp\/el-gobierno-impulsa-una-profunda-reforma-del-sistema-de-salud-y-oficializa-la-salida-de-argentina-de-la-oms\/","title":{"rendered":"El Gobierno impulsa una profunda reforma del sistema de salud y oficializa la salida de Argentina de la OMS"},"content":{"rendered":"\n<p>El Ministerio de Salud de la Naci\u00f3n anunci\u00f3 una transformaci\u00f3n estructural del sistema sanitario argentino y confirm\u00f3 la salida del pa\u00eds de la Organizaci\u00f3n Mundial de la Salud (OMS), en una medida que marca un giro dr\u00e1stico en la pol\u00edtica sanitaria nacional. El comunicado fue emitido luego de la visita oficial de Robert F. Kennedy Jr., secretario de Salud y Servicios Humanos de los Estados Unidos.<\/p>\n\n\n\n<p>Seg\u00fan indic\u00f3 la cartera que dirige Mario Lugones, el objetivo de la reforma es abandonar el modelo centrado en la enfermedad y pasar a uno \u201cpreventivo, basado en evidencia cient\u00edfica y con foco en el ciudadano\u201d.<\/p>\n\n\n\n<p><strong>Entre las medidas destacadas se incluyen:<\/strong><\/p>\n\n\n\n<ul class=\"wp-block-list\">\n<li><strong>Retiro de la OMS<\/strong>: el Gobierno denunci\u00f3 que el organismo \u201cact\u00faa con fines pol\u00edticos\u201d y pretende \u201ccondicionar la soberan\u00eda sanitaria de los pa\u00edses miembros\u201d. Argentina llam\u00f3 a revisar el rol de las entidades supranacionales en materia de salud global.<\/li>\n\n\n\n<li><strong>Revisi\u00f3n de organismos de salud nacionales<\/strong>: se impulsar\u00e1 una reestructuraci\u00f3n de entes superpuestos o considerados ineficaces, para \u201celiminar burocracias innecesarias y mecanismos sin trazabilidad\u201d.<\/li>\n\n\n\n<li><strong>Regulaci\u00f3n de aditivos alimentarios<\/strong>: se pondr\u00e1 en marcha una agenda para restringir el uso de aditivos sint\u00e9ticos en productos de consumo masivo, con especial atenci\u00f3n a los riesgos sobre la salud infantil.<\/li>\n\n\n\n<li><strong>Revisi\u00f3n de medicamentos de alto costo<\/strong>: se analizar\u00e1 el sistema de aprobaciones r\u00e1pidas (fast-track) y se exigir\u00e1 evidencia m\u00e1s robusta antes de autorizar nuevas drogas. \u201cLa innovaci\u00f3n no debe justificar decisiones sin evidencia\u201d, remarca el comunicado.<\/li>\n\n\n\n<li><strong>Controles m\u00e1s estrictos para las vacunas<\/strong>: se exigir\u00e1 una validaci\u00f3n cient\u00edfica rigurosa en todos los procesos de aprobaci\u00f3n, fabricaci\u00f3n y control, aunque se ratific\u00f3 el respaldo a campa\u00f1as de vacunaci\u00f3n con eficacia comprobada, como la del sarampi\u00f3n. \u201cRevisar no es negar: es exigir m\u00e1s evidencia, no menos\u201d, aclararon desde el ministerio.<\/li>\n<\/ul>\n\n\n\n<p>El gobierno present\u00f3 la reforma como un \u201cnuevo paradigma sanitario, libre, transparente y preventivo\u201d, con eje en la salud p\u00fablica como derecho y no como resultado de estructuras ineficaces.<\/p>\n\n\n\n<p>La salida de la OMS y la reformulaci\u00f3n del modelo sanitario marcan una ruptura hist\u00f3rica en la pol\u00edtica internacional de salud del pa\u00eds. Las repercusiones locales e internacionales no se hicieron esperar y se esperan m\u00e1s definiciones en las pr\u00f3ximas semanas.<\/p>\n","protected":false},"excerpt":{"rendered":"<p>El Ministerio de Salud de la Naci\u00f3n anunci\u00f3 una transformaci\u00f3n estructural del sistema sanitario argentino y confirm\u00f3 la salida del pa\u00eds de la Organizaci\u00f3n Mundial de la Salud (OMS), en una medida que marca un giro dr\u00e1stico en la pol\u00edtica sanitaria nacional. El comunicado fue emitido luego de la visita oficial de Robert F. Kennedy [&hellip;]<\/p>\n","protected":false},"author":2,"featured_media":22701,"comment_status":"closed","ping_status":"open","sticky":false,"template":"","format":"standard","meta":{"footnotes":""},"categories":[8],"tags":[511],"class_list":{"0":"post-22700","1":"post","2":"type-post","3":"status-publish","4":"format-standard","5":"has-post-thumbnail","7":"category-nacionales","8":"tag-bloque-2"},"_links":{"self":[{"href":"https:\/\/zoomproducciones.com.ar\/zoomp\/wp-json\/wp\/v2\/posts\/22700","targetHints":{"allow":["GET"]}}],"collection":[{"href":"https:\/\/zoomproducciones.com.ar\/zoomp\/wp-json\/wp\/v2\/posts"}],"about":[{"href":"https:\/\/zoomproducciones.com.ar\/zoomp\/wp-json\/wp\/v2\/types\/post"}],"author":[{"embeddable":true,"href":"https:\/\/zoomproducciones.com.ar\/zoomp\/wp-json\/wp\/v2\/users\/2"}],"replies":[{"embeddable":true,"href":"https:\/\/zoomproducciones.com.ar\/zoomp\/wp-json\/wp\/v2\/comments?post=22700"}],"version-history":[{"count":1,"href":"https:\/\/zoomproducciones.com.ar\/zoomp\/wp-json\/wp\/v2\/posts\/22700\/revisions"}],"predecessor-version":[{"id":22702,"href":"https:\/\/zoomproducciones.com.ar\/zoomp\/wp-json\/wp\/v2\/posts\/22700\/revisions\/22702"}],"wp:featuredmedia":[{"embeddable":true,"href":"https:\/\/zoomproducciones.com.ar\/zoomp\/wp-json\/wp\/v2\/media\/22701"}],"wp:attachment":[{"href":"https:\/\/zoomproducciones.com.ar\/zoomp\/wp-json\/wp\/v2\/media?parent=22700"}],"wp:term":[{"taxonomy":"category","embeddable":true,"href":"https:\/\/zoomproducciones.com.ar\/zoomp\/wp-json\/wp\/v2\/categories?post=22700"},{"taxonomy":"post_tag","embeddable":true,"href":"https:\/\/zoomproducciones.com.ar\/zoomp\/wp-json\/wp\/v2\/tags?post=22700"}],"curies":[{"name":"wp","href":"https:\/\/api.w.org\/{rel}","templated":true}]}}