{"id":22692,"date":"2025-05-27T07:39:29","date_gmt":"2025-05-27T10:39:29","guid":{"rendered":"https:\/\/zoomproducciones.com.ar\/zoomp\/?p=22692"},"modified":"2025-05-27T07:56:33","modified_gmt":"2025-05-27T10:56:33","slug":"recuperan-una-motocicleta-robada-y-dos-menores-quedaron-involucrados","status":"publish","type":"post","link":"https:\/\/zoomproducciones.com.ar\/zoomp\/recuperan-una-motocicleta-robada-y-dos-menores-quedaron-involucrados\/","title":{"rendered":"Recuperan una motocicleta robada y dos menores quedaron involucrados"},"content":{"rendered":"\n<p>Personal policial de Paso de los Libres logr\u00f3 recuperar una motocicleta que hab\u00eda sido sustra\u00edda en la v\u00eda p\u00fablica, tras una denuncia realizada por S. O. Guti\u00e9rrez. En el hecho quedaron involucrados dos menores de edad, quienes fueron sorprendidos circulando con el rodado robado.<\/p>\n\n\n\n<p>La investigaci\u00f3n se inici\u00f3 en el marco de las actuaciones judiciales caratuladas como \u201cdenuncia por supuesto hurto calificado por veh\u00edculo dejado en la v\u00eda p\u00fablica\u201d, con intervenci\u00f3n del fiscal de turno, Dr. Facundo Sotelo.<\/p>\n\n\n\n<p>Gracias al an\u00e1lisis de im\u00e1genes de c\u00e1maras de seguridad obtenidas en la zona de calles Sitja Nin y Madariaga, los investigadores lograron identificar al presunto autor del hecho y reconstruir el trayecto que realiz\u00f3 la motocicleta tras ser sustra\u00edda.<\/p>\n\n\n\n<p>Horas m\u00e1s tarde, durante recorridas de prevenci\u00f3n, el jefe del Grupo de Respuesta Inmediata Motorizada (G.R.I.M.), oficial principal Mat\u00edas Gim\u00e9nez, divis\u00f3 el veh\u00edculo en circulaci\u00f3n sobre calle Yatay, ocupado por dos menores de edad. Con el apoyo del personal de la unidad, se procedi\u00f3 a interceptar la motocicleta, labrando las actas correspondientes y poniendo el hecho en conocimiento del magistrado interviniente.<\/p>\n\n\n\n<p>La motocicleta fue recuperada y los menores quedaron a disposici\u00f3n de la Justicia.<\/p>\n","protected":false},"excerpt":{"rendered":"<p>Personal policial de Paso de los Libres logr\u00f3 recuperar una motocicleta que hab\u00eda sido sustra\u00edda en la v\u00eda p\u00fablica, tras una denuncia realizada por S. O. Guti\u00e9rrez. En el hecho quedaron involucrados dos menores de edad, quienes fueron sorprendidos circulando con el rodado robado. La investigaci\u00f3n se inici\u00f3 en el marco de las actuaciones judiciales [&hellip;]<\/p>\n","protected":false},"author":2,"featured_media":22693,"comment_status":"closed","ping_status":"open","sticky":false,"template":"","format":"standard","meta":{"footnotes":""},"categories":[5],"tags":[42],"class_list":{"0":"post-22692","1":"post","2":"type-post","3":"status-publish","4":"format-standard","5":"has-post-thumbnail","7":"category-locales","8":"tag-featured"},"_links":{"self":[{"href":"https:\/\/zoomproducciones.com.ar\/zoomp\/wp-json\/wp\/v2\/posts\/22692","targetHints":{"allow":["GET"]}}],"collection":[{"href":"https:\/\/zoomproducciones.com.ar\/zoomp\/wp-json\/wp\/v2\/posts"}],"about":[{"href":"https:\/\/zoomproducciones.com.ar\/zoomp\/wp-json\/wp\/v2\/types\/post"}],"author":[{"embeddable":true,"href":"https:\/\/zoomproducciones.com.ar\/zoomp\/wp-json\/wp\/v2\/users\/2"}],"replies":[{"embeddable":true,"href":"https:\/\/zoomproducciones.com.ar\/zoomp\/wp-json\/wp\/v2\/comments?post=22692"}],"version-history":[{"count":2,"href":"https:\/\/zoomproducciones.com.ar\/zoomp\/wp-json\/wp\/v2\/posts\/22692\/revisions"}],"predecessor-version":[{"id":22706,"href":"https:\/\/zoomproducciones.com.ar\/zoomp\/wp-json\/wp\/v2\/posts\/22692\/revisions\/22706"}],"wp:featuredmedia":[{"embeddable":true,"href":"https:\/\/zoomproducciones.com.ar\/zoomp\/wp-json\/wp\/v2\/media\/22693"}],"wp:attachment":[{"href":"https:\/\/zoomproducciones.com.ar\/zoomp\/wp-json\/wp\/v2\/media?parent=22692"}],"wp:term":[{"taxonomy":"category","embeddable":true,"href":"https:\/\/zoomproducciones.com.ar\/zoomp\/wp-json\/wp\/v2\/categories?post=22692"},{"taxonomy":"post_tag","embeddable":true,"href":"https:\/\/zoomproducciones.com.ar\/zoomp\/wp-json\/wp\/v2\/tags?post=22692"}],"curies":[{"name":"wp","href":"https:\/\/api.w.org\/{rel}","templated":true}]}}