{"id":22689,"date":"2025-05-27T07:39:31","date_gmt":"2025-05-27T10:39:31","guid":{"rendered":"https:\/\/zoomproducciones.com.ar\/zoomp\/?p=22689"},"modified":"2025-05-27T08:08:32","modified_gmt":"2025-05-27T11:08:32","slug":"paso-de-los-libres-secuestran-una-camioneta-con-motor-adulterado-y-documentacion-falsa","status":"publish","type":"post","link":"https:\/\/zoomproducciones.com.ar\/zoomp\/paso-de-los-libres-secuestran-una-camioneta-con-motor-adulterado-y-documentacion-falsa\/","title":{"rendered":"Paso de los Libres: secuestran una camioneta con motor adulterado y documentaci\u00f3n falsa"},"content":{"rendered":"\n<p>En un operativo realizado este lunes al mediod\u00eda en Paso de los Libres, efectivos de la Comisar\u00eda Tercera y de la Unidad Regional IV secuestraron una camioneta que presentaba m\u00faltiples irregularidades, entre ellas, adulteraci\u00f3n en el motor, documentaci\u00f3n falsa y pedido de secuestro vigente por robo.<\/p>\n\n\n\n<p>El procedimiento se llev\u00f3 a cabo en inmediaciones del Hospital San Jos\u00e9, sobre Avenida Salvador Di Tomaso, en el marco de tareas de prevenci\u00f3n de il\u00edcitos dispuestas por el comisario Mart\u00edn Escubilla.<\/p>\n\n\n\n<p>Durante las tareas de vigilancia, los agentes observaron una camioneta Volkswagen blanca con dominio AG123&#8211; que circulaba con aparentes anomal\u00edas en la chapa patente, seg\u00fan informaci\u00f3n recabada previamente. Al interceptar el rodado, el conductor present\u00f3 una c\u00e9dula de identificaci\u00f3n que a simple vista resultaba ap\u00f3crifa.<\/p>\n\n\n\n<p>Ante esta situaci\u00f3n, se solicit\u00f3 la intervenci\u00f3n de un perito verificador de la Unidad Regional IV, quien confirm\u00f3 que el motor del veh\u00edculo ten\u00eda signos evidentes de adulteraci\u00f3n, las patentes y la c\u00e9dula eran falsas, y el n\u00famero de chasis ten\u00eda pedido de secuestro por robo.<\/p>\n\n\n\n<p>La Fiscal\u00eda de Turno, a cargo del Dr. Facundo Sotelo, fue notificada del hallazgo y orden\u00f3 el secuestro inmediato del veh\u00edculo, adem\u00e1s del inicio de las actuaciones judiciales correspondientes.<\/p>\n\n\n\n<p>Participaron del operativo la Brigada de Investigaciones de la Comisar\u00eda Tercera, la Guardia de Prevenci\u00f3n y la Brigada de la UR IV.<\/p>\n","protected":false},"excerpt":{"rendered":"<p>En un operativo realizado este lunes al mediod\u00eda en Paso de los Libres, efectivos de la Comisar\u00eda Tercera y de la Unidad Regional IV secuestraron una camioneta que presentaba m\u00faltiples irregularidades, entre ellas, adulteraci\u00f3n en el motor, documentaci\u00f3n falsa y pedido de secuestro vigente por robo. El procedimiento se llev\u00f3 a cabo en inmediaciones del [&hellip;]<\/p>\n","protected":false},"author":2,"featured_media":22690,"comment_status":"closed","ping_status":"open","sticky":false,"template":"","format":"standard","meta":{"footnotes":""},"categories":[5],"tags":[42],"class_list":{"0":"post-22689","1":"post","2":"type-post","3":"status-publish","4":"format-standard","5":"has-post-thumbnail","7":"category-locales","8":"tag-featured"},"_links":{"self":[{"href":"https:\/\/zoomproducciones.com.ar\/zoomp\/wp-json\/wp\/v2\/posts\/22689","targetHints":{"allow":["GET"]}}],"collection":[{"href":"https:\/\/zoomproducciones.com.ar\/zoomp\/wp-json\/wp\/v2\/posts"}],"about":[{"href":"https:\/\/zoomproducciones.com.ar\/zoomp\/wp-json\/wp\/v2\/types\/post"}],"author":[{"embeddable":true,"href":"https:\/\/zoomproducciones.com.ar\/zoomp\/wp-json\/wp\/v2\/users\/2"}],"replies":[{"embeddable":true,"href":"https:\/\/zoomproducciones.com.ar\/zoomp\/wp-json\/wp\/v2\/comments?post=22689"}],"version-history":[{"count":2,"href":"https:\/\/zoomproducciones.com.ar\/zoomp\/wp-json\/wp\/v2\/posts\/22689\/revisions"}],"predecessor-version":[{"id":22710,"href":"https:\/\/zoomproducciones.com.ar\/zoomp\/wp-json\/wp\/v2\/posts\/22689\/revisions\/22710"}],"wp:featuredmedia":[{"embeddable":true,"href":"https:\/\/zoomproducciones.com.ar\/zoomp\/wp-json\/wp\/v2\/media\/22690"}],"wp:attachment":[{"href":"https:\/\/zoomproducciones.com.ar\/zoomp\/wp-json\/wp\/v2\/media?parent=22689"}],"wp:term":[{"taxonomy":"category","embeddable":true,"href":"https:\/\/zoomproducciones.com.ar\/zoomp\/wp-json\/wp\/v2\/categories?post=22689"},{"taxonomy":"post_tag","embeddable":true,"href":"https:\/\/zoomproducciones.com.ar\/zoomp\/wp-json\/wp\/v2\/tags?post=22689"}],"curies":[{"name":"wp","href":"https:\/\/api.w.org\/{rel}","templated":true}]}}