{"id":22684,"date":"2025-05-26T08:02:11","date_gmt":"2025-05-26T11:02:11","guid":{"rendered":"https:\/\/zoomproducciones.com.ar\/zoomp\/?p=22684"},"modified":"2025-05-26T08:02:12","modified_gmt":"2025-05-26T11:02:12","slug":"bea-moreyra-celebro-los-logros-e-inversiones-que-realizo-el-gobernador-gustavo-valdes-en-paso-de-los-libres","status":"publish","type":"post","link":"https:\/\/zoomproducciones.com.ar\/zoomp\/bea-moreyra-celebro-los-logros-e-inversiones-que-realizo-el-gobernador-gustavo-valdes-en-paso-de-los-libres\/","title":{"rendered":"Bea Moreyra: \u00bbCelebro los logros e inversiones que realiz\u00f3 el gobernador Gustavo Vald\u00e9s en Paso de los Libres\u00bb"},"content":{"rendered":"\n<p>Bea Moreyra, referente del Partido Liberal (PL) en Paso de los Libres, particip\u00f3 del multitudinario acto de consolidaci\u00f3n de la alianza oficialista Vamos Corrientes, que tuvo como orador principal al gobernador Gustavo Vald\u00e9s. El encuentro se realiz\u00f3 el pasado viernes 23 de mayo en el Club Barraca y cont\u00f3 con la presencia de representantes de los distintos espacios que integran la coalici\u00f3n.<\/p>\n\n\n\n<p>Tras el evento, Moreyra expres\u00f3 su respaldo al espacio aliancista y valor\u00f3 el trabajo articulado entre fuerzas pol\u00edticas: \u00abEn esta conjunci\u00f3n pol\u00edtica diversa, compartimos distintos pensamientos y afianzamos la unidad de criterios a la hora de planificar el mejor futuro de Corrientes\u00bb, afirm\u00f3.<\/p>\n\n\n\n<p>Adem\u00e1s, la dirigente liberal destac\u00f3 las inversiones del Gobierno provincial en Paso de los Libres y enumer\u00f3 una serie de obras recientes: el inicio del asfaltado en la Ruta Nacional N.\u00ba 117, la inauguraci\u00f3n del Centro de Hemodi\u00e1lisis en el Hospital San Jos\u00e9, la entrega de 845 notebooks a estudiantes de secundaria y la inversi\u00f3n destinada a la pista del Aeropuerto Internacional de la ciudad.<\/p>\n\n\n\n<p>\u00abCelebro los logros e inversiones que realiz\u00f3 el gobernador Gustavo Vald\u00e9s en Paso de los Libres. Obras que, sin dudas, posicionan a Paso de los Libres como una ciudad moderna y de conectividad\u00bb, manifest\u00f3 Moreyra.<\/p>\n\n\n\n<p>Tambi\u00e9n subray\u00f3 el valor de las obras viales en curso: \u00abHace muchos a\u00f1os que la obra para el arreglo de la Ruta Nacional N.\u00ba 117 no se realizaba, sin embargo el gobernador demostr\u00f3 que con gesti\u00f3n y voluntad pol\u00edtica, las cosas se hacen\u00bb, puntualiz\u00f3.<\/p>\n\n\n\n<p>En cuanto al panorama pol\u00edtico, Moreyra sostuvo: \u00abAvanzamos en esta construcci\u00f3n pol\u00edtica porque entendemos que se proyecta un futuro mejor para Paso de los Libres y Corrientes\u00bb.<\/p>\n","protected":false},"excerpt":{"rendered":"<p>Bea Moreyra, referente del Partido Liberal (PL) en Paso de los Libres, particip\u00f3 del multitudinario acto de consolidaci\u00f3n de la alianza oficialista Vamos Corrientes, que tuvo como orador principal al gobernador Gustavo Vald\u00e9s. El encuentro se realiz\u00f3 el pasado viernes 23 de mayo en el Club Barraca y cont\u00f3 con la presencia de representantes de [&hellip;]<\/p>\n","protected":false},"author":2,"featured_media":22685,"comment_status":"closed","ping_status":"open","sticky":false,"template":"","format":"standard","meta":{"footnotes":""},"categories":[5],"tags":[511],"class_list":{"0":"post-22684","1":"post","2":"type-post","3":"status-publish","4":"format-standard","5":"has-post-thumbnail","7":"category-locales","8":"tag-bloque-2"},"_links":{"self":[{"href":"https:\/\/zoomproducciones.com.ar\/zoomp\/wp-json\/wp\/v2\/posts\/22684","targetHints":{"allow":["GET"]}}],"collection":[{"href":"https:\/\/zoomproducciones.com.ar\/zoomp\/wp-json\/wp\/v2\/posts"}],"about":[{"href":"https:\/\/zoomproducciones.com.ar\/zoomp\/wp-json\/wp\/v2\/types\/post"}],"author":[{"embeddable":true,"href":"https:\/\/zoomproducciones.com.ar\/zoomp\/wp-json\/wp\/v2\/users\/2"}],"replies":[{"embeddable":true,"href":"https:\/\/zoomproducciones.com.ar\/zoomp\/wp-json\/wp\/v2\/comments?post=22684"}],"version-history":[{"count":1,"href":"https:\/\/zoomproducciones.com.ar\/zoomp\/wp-json\/wp\/v2\/posts\/22684\/revisions"}],"predecessor-version":[{"id":22686,"href":"https:\/\/zoomproducciones.com.ar\/zoomp\/wp-json\/wp\/v2\/posts\/22684\/revisions\/22686"}],"wp:featuredmedia":[{"embeddable":true,"href":"https:\/\/zoomproducciones.com.ar\/zoomp\/wp-json\/wp\/v2\/media\/22685"}],"wp:attachment":[{"href":"https:\/\/zoomproducciones.com.ar\/zoomp\/wp-json\/wp\/v2\/media?parent=22684"}],"wp:term":[{"taxonomy":"category","embeddable":true,"href":"https:\/\/zoomproducciones.com.ar\/zoomp\/wp-json\/wp\/v2\/categories?post=22684"},{"taxonomy":"post_tag","embeddable":true,"href":"https:\/\/zoomproducciones.com.ar\/zoomp\/wp-json\/wp\/v2\/tags?post=22684"}],"curies":[{"name":"wp","href":"https:\/\/api.w.org\/{rel}","templated":true}]}}