{"id":22676,"date":"2025-05-26T07:33:25","date_gmt":"2025-05-26T10:33:25","guid":{"rendered":"https:\/\/zoomproducciones.com.ar\/zoomp\/?p=22676"},"modified":"2025-05-26T07:33:26","modified_gmt":"2025-05-26T10:33:26","slug":"milei-evito-saludar-a-villarruel-y-jorge-macri-al-llegar-al-tedeum-y-genero-incomodidad","status":"publish","type":"post","link":"https:\/\/zoomproducciones.com.ar\/zoomp\/milei-evito-saludar-a-villarruel-y-jorge-macri-al-llegar-al-tedeum-y-genero-incomodidad\/","title":{"rendered":"Milei evit\u00f3 saludar a Villarruel y Jorge Macri al llegar al Tedeum y gener\u00f3 incomodidad"},"content":{"rendered":"\n<p>Durante el acto protocolar por el Tedeum del 25 de Mayo en la Catedral Metropolitana, el presidente Javier Milei protagoniz\u00f3 un momento llamativo al evitar saludar a la vicepresidenta Victoria Villarruel y al jefe de Gobierno porte\u00f1o, Jorge Macri, quienes lo esperaban en la entrada junto a otras autoridades.<\/p>\n\n\n\n<p>El gesto qued\u00f3 registrado en la transmisi\u00f3n oficial: al descender del veh\u00edculo presidencial, Milei avanz\u00f3 con la mirada al frente sin detenerse ni extender la mano, pasando de largo frente a los funcionarios formados en l\u00ednea. La actitud gener\u00f3 gestos de incomodidad visibles tanto en Villarruel como en Macri, que aguardaban el saludo institucional.<\/p>\n\n\n\n<p>El episodio se da en medio de tensiones internas dentro del oficialismo, y cobr\u00f3 notoriedad por el car\u00e1cter solemne del acto y por la relaci\u00f3n entre el mandatario y su vicepresidenta, que ha mostrado signos de distanciamiento en los \u00faltimos meses.<\/p>\n","protected":false},"excerpt":{"rendered":"<p>Durante el acto protocolar por el Tedeum del 25 de Mayo en la Catedral Metropolitana, el presidente Javier Milei protagoniz\u00f3 un momento llamativo al evitar saludar a la vicepresidenta Victoria Villarruel y al jefe de Gobierno porte\u00f1o, Jorge Macri, quienes lo esperaban en la entrada junto a otras autoridades. El gesto qued\u00f3 registrado en la [&hellip;]<\/p>\n","protected":false},"author":2,"featured_media":22677,"comment_status":"closed","ping_status":"open","sticky":false,"template":"","format":"standard","meta":{"footnotes":""},"categories":[8],"tags":[511],"class_list":{"0":"post-22676","1":"post","2":"type-post","3":"status-publish","4":"format-standard","5":"has-post-thumbnail","7":"category-nacionales","8":"tag-bloque-2"},"_links":{"self":[{"href":"https:\/\/zoomproducciones.com.ar\/zoomp\/wp-json\/wp\/v2\/posts\/22676","targetHints":{"allow":["GET"]}}],"collection":[{"href":"https:\/\/zoomproducciones.com.ar\/zoomp\/wp-json\/wp\/v2\/posts"}],"about":[{"href":"https:\/\/zoomproducciones.com.ar\/zoomp\/wp-json\/wp\/v2\/types\/post"}],"author":[{"embeddable":true,"href":"https:\/\/zoomproducciones.com.ar\/zoomp\/wp-json\/wp\/v2\/users\/2"}],"replies":[{"embeddable":true,"href":"https:\/\/zoomproducciones.com.ar\/zoomp\/wp-json\/wp\/v2\/comments?post=22676"}],"version-history":[{"count":1,"href":"https:\/\/zoomproducciones.com.ar\/zoomp\/wp-json\/wp\/v2\/posts\/22676\/revisions"}],"predecessor-version":[{"id":22678,"href":"https:\/\/zoomproducciones.com.ar\/zoomp\/wp-json\/wp\/v2\/posts\/22676\/revisions\/22678"}],"wp:featuredmedia":[{"embeddable":true,"href":"https:\/\/zoomproducciones.com.ar\/zoomp\/wp-json\/wp\/v2\/media\/22677"}],"wp:attachment":[{"href":"https:\/\/zoomproducciones.com.ar\/zoomp\/wp-json\/wp\/v2\/media?parent=22676"}],"wp:term":[{"taxonomy":"category","embeddable":true,"href":"https:\/\/zoomproducciones.com.ar\/zoomp\/wp-json\/wp\/v2\/categories?post=22676"},{"taxonomy":"post_tag","embeddable":true,"href":"https:\/\/zoomproducciones.com.ar\/zoomp\/wp-json\/wp\/v2\/tags?post=22676"}],"curies":[{"name":"wp","href":"https:\/\/api.w.org\/{rel}","templated":true}]}}