{"id":22673,"date":"2025-05-26T07:29:53","date_gmt":"2025-05-26T10:29:53","guid":{"rendered":"https:\/\/zoomproducciones.com.ar\/zoomp\/?p=22673"},"modified":"2025-05-26T07:29:56","modified_gmt":"2025-05-26T10:29:56","slug":"cristina-kirchner-califico-al-gobierno-de-milei-como-un-desgobierno-y-pidio-al-peronismo-dejar-los-egos-y-mezquindades","status":"publish","type":"post","link":"https:\/\/zoomproducciones.com.ar\/zoomp\/cristina-kirchner-califico-al-gobierno-de-milei-como-un-desgobierno-y-pidio-al-peronismo-dejar-los-egos-y-mezquindades\/","title":{"rendered":"Cristina Kirchner calific\u00f3 al gobierno de Milei como un \u201cdesgobierno\u201d y pidi\u00f3 al peronismo dejar los \u201cegos y mezquindades\u201d"},"content":{"rendered":"\n<p>La ex presidenta Cristina Fern\u00e1ndez de Kirchner reapareci\u00f3 este domingo en el acto \u201cEncuentro de la Cultura Popular\u201d en Retiro, donde lanz\u00f3 duras cr\u00edticas a la gesti\u00f3n de Javier Milei, a la que calific\u00f3 como un \u201cdesgobierno\u201d, y exhort\u00f3 al peronismo a \u00abvolver a ser militantes pol\u00edticos\u00bb, dejando de lado \u201cmezquindades y egos\u201d.<\/p>\n\n\n\n<p>\u201cEl desgobierno que hoy est\u00e1 en Casa Rosada quiere hacernos creer que encontr\u00f3 la f\u00f3rmula de la Coca Cola, pero eso ya lo hicieron en los \u201890 con el d\u00f3lar barato de la convertibilidad\u201d, afirm\u00f3. Adem\u00e1s, advirti\u00f3 que \u201cde seguir este endeudamiento, el d\u00e9cimo default no es una fantas\u00eda demasiado lejana\u201d.<\/p>\n\n\n\n<p>Tambi\u00e9n cuestion\u00f3 el R\u00e9gimen de Incentivo a las Grandes Inversiones (RIGI), asegurando que \u201cal tercer a\u00f1o no se liquida un solo d\u00f3lar de exportaci\u00f3n en Argentina, a no ser que el plan sea entregar algo m\u00e1s que deuda. \u00bfTerritorio, tal vez?\u201d, ironiz\u00f3, comparando la situaci\u00f3n con la cesi\u00f3n de bases militares en otros pa\u00edses.<\/p>\n\n\n\n<p>Respecto al Pacto de Mayo impulsado por el oficialismo, lo calific\u00f3 como una \u201cbomba de humo\u201d, y critic\u00f3 la narrativa libertaria sobre la libertad econ\u00f3mica: \u201cTus d\u00f3lares, tu decisi\u00f3n. Un pastelito est\u00e1 dos lucas, \u00bfqu\u00e9 te pasa?\u201d, ironiz\u00f3.<\/p>\n\n\n\n<p>En un mensaje hacia el interior del peronismo, convoc\u00f3 a abandonar el rol de \u201cmilitantes electorales\u201d y reconstruir el espacio sin \u201cprejuicios ni clich\u00e9s hist\u00f3ricos\u201d. Tambi\u00e9n se\u00f1al\u00f3 que \u201cpareciera que aquellos que apostaron por Milei tampoco quieren volver con nosotros, y tenemos que preguntarnos por qu\u00e9\u201d.<\/p>\n\n\n\n<p>Finalmente, carg\u00f3 contra la gesti\u00f3n actual por no dejar obras concretas: \u201cNo construyeron ni una escuela, ni un edificio, ni un monumento. Su \u00fanica obra es cambiarle el nombre a lo que otros hicieron. \u00bfQui\u00e9n se va a acordar de estos tipos dentro de 20 a\u00f1os?\u201d, lanz\u00f3.<\/p>\n","protected":false},"excerpt":{"rendered":"<p>La ex presidenta Cristina Fern\u00e1ndez de Kirchner reapareci\u00f3 este domingo en el acto \u201cEncuentro de la Cultura Popular\u201d en Retiro, donde lanz\u00f3 duras cr\u00edticas a la gesti\u00f3n de Javier Milei, a la que calific\u00f3 como un \u201cdesgobierno\u201d, y exhort\u00f3 al peronismo a \u00abvolver a ser militantes pol\u00edticos\u00bb, dejando de lado \u201cmezquindades y egos\u201d. \u201cEl desgobierno [&hellip;]<\/p>\n","protected":false},"author":2,"featured_media":22674,"comment_status":"closed","ping_status":"open","sticky":false,"template":"","format":"standard","meta":{"footnotes":""},"categories":[8],"tags":[511],"class_list":{"0":"post-22673","1":"post","2":"type-post","3":"status-publish","4":"format-standard","5":"has-post-thumbnail","7":"category-nacionales","8":"tag-bloque-2"},"_links":{"self":[{"href":"https:\/\/zoomproducciones.com.ar\/zoomp\/wp-json\/wp\/v2\/posts\/22673","targetHints":{"allow":["GET"]}}],"collection":[{"href":"https:\/\/zoomproducciones.com.ar\/zoomp\/wp-json\/wp\/v2\/posts"}],"about":[{"href":"https:\/\/zoomproducciones.com.ar\/zoomp\/wp-json\/wp\/v2\/types\/post"}],"author":[{"embeddable":true,"href":"https:\/\/zoomproducciones.com.ar\/zoomp\/wp-json\/wp\/v2\/users\/2"}],"replies":[{"embeddable":true,"href":"https:\/\/zoomproducciones.com.ar\/zoomp\/wp-json\/wp\/v2\/comments?post=22673"}],"version-history":[{"count":1,"href":"https:\/\/zoomproducciones.com.ar\/zoomp\/wp-json\/wp\/v2\/posts\/22673\/revisions"}],"predecessor-version":[{"id":22675,"href":"https:\/\/zoomproducciones.com.ar\/zoomp\/wp-json\/wp\/v2\/posts\/22673\/revisions\/22675"}],"wp:featuredmedia":[{"embeddable":true,"href":"https:\/\/zoomproducciones.com.ar\/zoomp\/wp-json\/wp\/v2\/media\/22674"}],"wp:attachment":[{"href":"https:\/\/zoomproducciones.com.ar\/zoomp\/wp-json\/wp\/v2\/media?parent=22673"}],"wp:term":[{"taxonomy":"category","embeddable":true,"href":"https:\/\/zoomproducciones.com.ar\/zoomp\/wp-json\/wp\/v2\/categories?post=22673"},{"taxonomy":"post_tag","embeddable":true,"href":"https:\/\/zoomproducciones.com.ar\/zoomp\/wp-json\/wp\/v2\/tags?post=22673"}],"curies":[{"name":"wp","href":"https:\/\/api.w.org\/{rel}","templated":true}]}}