{"id":22670,"date":"2025-05-26T07:26:19","date_gmt":"2025-05-26T10:26:19","guid":{"rendered":"https:\/\/zoomproducciones.com.ar\/zoomp\/?p=22670"},"modified":"2025-05-26T07:26:25","modified_gmt":"2025-05-26T10:26:25","slug":"el-gobierno-desmintio-versiones-sobre-el-plan-de-inteligencia-nacional-y-aseguro-que-no-se-utiliza-la-side-para-perseguir-opositores","status":"publish","type":"post","link":"https:\/\/zoomproducciones.com.ar\/zoomp\/el-gobierno-desmintio-versiones-sobre-el-plan-de-inteligencia-nacional-y-aseguro-que-no-se-utiliza-la-side-para-perseguir-opositores\/","title":{"rendered":"El Gobierno desminti\u00f3 versiones sobre el Plan de Inteligencia Nacional y asegur\u00f3 que \u00abno se utiliza la SIDE para perseguir opositores\u00bb"},"content":{"rendered":"\n<p>La Oficina del Presidente difundi\u00f3 este domingo un comunicado oficial para desmentir \u00abversiones period\u00edsticas\u00bb sobre los objetivos del Plan de Inteligencia Nacional. Seg\u00fan el texto, se trata de un documento secreto al que solo acceden el Presidente, la Secretar\u00eda de Inteligencia y la Comisi\u00f3n Bicameral del Congreso.<\/p>\n\n\n\n<p>\u201cEste es el primer gobierno en d\u00e9cadas que ha tomado la decisi\u00f3n pol\u00edtica de no utilizar la SIDE para perseguir opositores, periodistas o adversarios pol\u00edticos\u201d, afirm\u00f3 el presidente Javier Milei a trav\u00e9s del comunicado, en el que tambi\u00e9n se sostiene que las anteriores administraciones \u00abdestruyeron\u00bb el sistema de inteligencia \u00aben su af\u00e1n de saldar internas pol\u00edticas abusando de sus recursos\u00bb.<\/p>\n\n\n\n<p>El texto indica que Milei orden\u00f3 la reconstrucci\u00f3n del Sistema de Inteligencia Nacional con el objetivo de promover \u201clos intereses estrat\u00e9gicos de la Argentina\u201d y reafirma que los lineamientos del Plan de Inteligencia se encuentran bajo secreto.<\/p>\n\n\n\n<p>El pronunciamiento del Gobierno se dio luego de publicaciones period\u00edsticas que se\u00f1alaron presuntas intenciones del oficialismo de utilizar organismos de inteligencia con fines de vigilancia interna.<\/p>\n","protected":false},"excerpt":{"rendered":"<p>La Oficina del Presidente difundi\u00f3 este domingo un comunicado oficial para desmentir \u00abversiones period\u00edsticas\u00bb sobre los objetivos del Plan de Inteligencia Nacional. Seg\u00fan el texto, se trata de un documento secreto al que solo acceden el Presidente, la Secretar\u00eda de Inteligencia y la Comisi\u00f3n Bicameral del Congreso. \u201cEste es el primer gobierno en d\u00e9cadas que [&hellip;]<\/p>\n","protected":false},"author":2,"featured_media":22671,"comment_status":"closed","ping_status":"open","sticky":false,"template":"","format":"standard","meta":{"footnotes":""},"categories":[8],"tags":[511],"class_list":{"0":"post-22670","1":"post","2":"type-post","3":"status-publish","4":"format-standard","5":"has-post-thumbnail","7":"category-nacionales","8":"tag-bloque-2"},"_links":{"self":[{"href":"https:\/\/zoomproducciones.com.ar\/zoomp\/wp-json\/wp\/v2\/posts\/22670","targetHints":{"allow":["GET"]}}],"collection":[{"href":"https:\/\/zoomproducciones.com.ar\/zoomp\/wp-json\/wp\/v2\/posts"}],"about":[{"href":"https:\/\/zoomproducciones.com.ar\/zoomp\/wp-json\/wp\/v2\/types\/post"}],"author":[{"embeddable":true,"href":"https:\/\/zoomproducciones.com.ar\/zoomp\/wp-json\/wp\/v2\/users\/2"}],"replies":[{"embeddable":true,"href":"https:\/\/zoomproducciones.com.ar\/zoomp\/wp-json\/wp\/v2\/comments?post=22670"}],"version-history":[{"count":1,"href":"https:\/\/zoomproducciones.com.ar\/zoomp\/wp-json\/wp\/v2\/posts\/22670\/revisions"}],"predecessor-version":[{"id":22672,"href":"https:\/\/zoomproducciones.com.ar\/zoomp\/wp-json\/wp\/v2\/posts\/22670\/revisions\/22672"}],"wp:featuredmedia":[{"embeddable":true,"href":"https:\/\/zoomproducciones.com.ar\/zoomp\/wp-json\/wp\/v2\/media\/22671"}],"wp:attachment":[{"href":"https:\/\/zoomproducciones.com.ar\/zoomp\/wp-json\/wp\/v2\/media?parent=22670"}],"wp:term":[{"taxonomy":"category","embeddable":true,"href":"https:\/\/zoomproducciones.com.ar\/zoomp\/wp-json\/wp\/v2\/categories?post=22670"},{"taxonomy":"post_tag","embeddable":true,"href":"https:\/\/zoomproducciones.com.ar\/zoomp\/wp-json\/wp\/v2\/tags?post=22670"}],"curies":[{"name":"wp","href":"https:\/\/api.w.org\/{rel}","templated":true}]}}