{"id":22663,"date":"2025-05-26T07:24:05","date_gmt":"2025-05-26T10:24:05","guid":{"rendered":"https:\/\/zoomproducciones.com.ar\/zoomp\/?p=22663"},"modified":"2025-05-26T07:55:12","modified_gmt":"2025-05-26T10:55:12","slug":"fallecio-carlos-faraldo-ex-agente-civil-de-inteligencia-condenado-por-delitos-de-lesa-humanidad","status":"publish","type":"post","link":"https:\/\/zoomproducciones.com.ar\/zoomp\/fallecio-carlos-faraldo-ex-agente-civil-de-inteligencia-condenado-por-delitos-de-lesa-humanidad\/","title":{"rendered":"Falleci\u00f3 Carlos Faraldo, ex agente civil de inteligencia condenado por delitos de lesa humanidad"},"content":{"rendered":"\n<p>Este domingo se confirm\u00f3 el fallecimiento de Carlos Faraldo, ex agente civil de Inteligencia del Ej\u00e9rcito, condenado por su participaci\u00f3n en delitos de lesa humanidad cometidos durante la \u00faltima dictadura militar. Faraldo muri\u00f3 en libertad, pese a haber recibido dos condenas por cr\u00edmenes de lesa humanidad cometidos en Paso de los Libres, Corrientes.<\/p>\n\n\n\n<p>La Asociaci\u00f3n Civil por la Memoria, la Verdad y la Justicia de Paso de los Libres comparti\u00f3 una imagen tras conocerse la noticia, en la que expresaron: <em>\u201cHoy muri\u00f3 un genocida que durante a\u00f1os camin\u00f3 impunemente por las calles de Paso de los Libres, un asesino que sembr\u00f3 terror y dolor, que tortur\u00f3 y desapareci\u00f3. Se llev\u00f3 consigo el secreto cobarde del paradero de Eduardo \u2018Pata\u2019 Acosta\u201d<\/em>.<\/p>\n\n\n\n<figure class=\"wp-block-image size-large\"><a href=\"https:\/\/zoomproducciones.com.ar\/zoomp\/wp-content\/uploads\/2025\/05\/image-91.png\"><img loading=\"lazy\" decoding=\"async\" width=\"591\" height=\"591\" src=\"https:\/\/zoomproducciones.com.ar\/zoomp\/wp-content\/uploads\/2025\/05\/image-91-edited.png\" alt=\"\" class=\"wp-image-22665\" srcset=\"https:\/\/zoomproducciones.com.ar\/zoomp\/wp-content\/uploads\/2025\/05\/image-91-edited.png 591w, https:\/\/zoomproducciones.com.ar\/zoomp\/wp-content\/uploads\/2025\/05\/image-91-edited-300x300.png 300w, https:\/\/zoomproducciones.com.ar\/zoomp\/wp-content\/uploads\/2025\/05\/image-91-edited-150x150.png 150w, https:\/\/zoomproducciones.com.ar\/zoomp\/wp-content\/uploads\/2025\/05\/image-91-edited-80x80.png 80w\" sizes=\"auto, (max-width: 591px) 100vw, 591px\" \/><\/a><\/figure>\n\n\n\n<p>Faraldo fue condenado en 2013 junto a H\u00e9ctor Mario Filippo y Rub\u00e9n Dar\u00edo Ledesma por el secuestro y las torturas sufridas por Lilian Lossada, su hermano Carlos Lossada y Rosa Noem\u00ed Coto, secuestrados el 10 de noviembre de 1976 por un grupo de tareas. Mientras que Carlos y Rosa fueron liberados d\u00edas despu\u00e9s, Lilian permaneci\u00f3 desaparecida durante meses y sufri\u00f3 brutales tormentos, incluyendo picana el\u00e9ctrica y simulacros de fusilamiento. M\u00e1s tarde fue trasladada a centros de detenci\u00f3n legalizados como el Instituto Pelletier en Corrientes y la c\u00e1rcel de Villa Devoto, donde permaneci\u00f3 presa hasta octubre de 1979.<\/p>\n\n\n\n<p>En 2017, Faraldo fue nuevamente condenado a 16 a\u00f1os de prisi\u00f3n por su participaci\u00f3n en la desaparici\u00f3n forzada de Eduardo H\u00e9ctor Acosta, conocido como \u201cPata\u201d. Acosta fue secuestrado en la madrugada del 22 de marzo de 1976, dos d\u00edas antes del golpe de Estado, cuando a\u00fan estaba vigente el gobierno de Isabel Per\u00f3n. <\/p>\n\n\n\n<p>A pesar de las condenas firmes, Faraldo falleci\u00f3 en su domicilio, a causa del r\u00e9gimen de prisi\u00f3n domiciliaria, lo que gener\u00f3 cr\u00edticas por parte de organismos de derechos humanos, que denuncian impunidad en casos vinculados al terrorismo de Estado.<\/p>\n\n\n\n<p>Desde la Asociaci\u00f3n por la Memoria local reiteraron su compromiso con la lucha por justicia y expresaron que la muerte de Faraldo cierra una puerta en el camino hacia la verdad sobre el destino de Eduardo Acosta, cuyo paradero a\u00fan hoy permanece desconocido.<\/p>\n","protected":false},"excerpt":{"rendered":"<p>Este domingo se confirm\u00f3 el fallecimiento de Carlos Faraldo, ex agente civil de Inteligencia del Ej\u00e9rcito, condenado por su participaci\u00f3n en delitos de lesa humanidad cometidos durante la \u00faltima dictadura militar. Faraldo muri\u00f3 en libertad, pese a haber recibido dos condenas por cr\u00edmenes de lesa humanidad cometidos en Paso de los Libres, Corrientes. La Asociaci\u00f3n [&hellip;]<\/p>\n","protected":false},"author":2,"featured_media":22666,"comment_status":"closed","ping_status":"open","sticky":false,"template":"","format":"standard","meta":{"footnotes":""},"categories":[5],"tags":[42],"class_list":{"0":"post-22663","1":"post","2":"type-post","3":"status-publish","4":"format-standard","5":"has-post-thumbnail","7":"category-locales","8":"tag-featured"},"_links":{"self":[{"href":"https:\/\/zoomproducciones.com.ar\/zoomp\/wp-json\/wp\/v2\/posts\/22663","targetHints":{"allow":["GET"]}}],"collection":[{"href":"https:\/\/zoomproducciones.com.ar\/zoomp\/wp-json\/wp\/v2\/posts"}],"about":[{"href":"https:\/\/zoomproducciones.com.ar\/zoomp\/wp-json\/wp\/v2\/types\/post"}],"author":[{"embeddable":true,"href":"https:\/\/zoomproducciones.com.ar\/zoomp\/wp-json\/wp\/v2\/users\/2"}],"replies":[{"embeddable":true,"href":"https:\/\/zoomproducciones.com.ar\/zoomp\/wp-json\/wp\/v2\/comments?post=22663"}],"version-history":[{"count":2,"href":"https:\/\/zoomproducciones.com.ar\/zoomp\/wp-json\/wp\/v2\/posts\/22663\/revisions"}],"predecessor-version":[{"id":22683,"href":"https:\/\/zoomproducciones.com.ar\/zoomp\/wp-json\/wp\/v2\/posts\/22663\/revisions\/22683"}],"wp:featuredmedia":[{"embeddable":true,"href":"https:\/\/zoomproducciones.com.ar\/zoomp\/wp-json\/wp\/v2\/media\/22666"}],"wp:attachment":[{"href":"https:\/\/zoomproducciones.com.ar\/zoomp\/wp-json\/wp\/v2\/media?parent=22663"}],"wp:term":[{"taxonomy":"category","embeddable":true,"href":"https:\/\/zoomproducciones.com.ar\/zoomp\/wp-json\/wp\/v2\/categories?post=22663"},{"taxonomy":"post_tag","embeddable":true,"href":"https:\/\/zoomproducciones.com.ar\/zoomp\/wp-json\/wp\/v2\/tags?post=22663"}],"curies":[{"name":"wp","href":"https:\/\/api.w.org\/{rel}","templated":true}]}}