{"id":22661,"date":"2025-05-26T07:24:01","date_gmt":"2025-05-26T10:24:01","guid":{"rendered":"https:\/\/zoomproducciones.com.ar\/zoomp\/?p=22661"},"modified":"2025-05-26T07:39:26","modified_gmt":"2025-05-26T10:39:26","slug":"grave-choque-en-la-ruta-123-un-empresario-mercedeno-y-su-acompanante-protagonizaron-un-accidente-con-un-camion","status":"publish","type":"post","link":"https:\/\/zoomproducciones.com.ar\/zoomp\/grave-choque-en-la-ruta-123-un-empresario-mercedeno-y-su-acompanante-protagonizaron-un-accidente-con-un-camion\/","title":{"rendered":"Grave choque en la Ruta 123: un empresario mercede\u00f1o y su acompa\u00f1ante protagonizaron un accidente con un cami\u00f3n"},"content":{"rendered":"\n<p>Un fuerte siniestro vial volvi\u00f3 a sacudir las rutas correntinas. Esta vez ocurri\u00f3 en cercan\u00edas del puente Batel, sobre la Ruta Provincial N\u00b0 123, donde un autom\u00f3vil Peugeot 308 choc\u00f3 de frente contra un cami\u00f3n cargado con piedras.<\/p>\n\n\n\n<p>En el veh\u00edculo de menor porte viajaban dos personas, ambas de apellido Zibecchi, una de ellas reconocida en la localidad de Mercedes por su actividad empresarial. Seg\u00fan confirmaron fuentes policiales a <em>El Litoral<\/em>, el conductor tiene 26 a\u00f1os y se investigan las causas que habr\u00edan provocado el impacto.<\/p>\n\n\n\n<p>El acompa\u00f1ante sufri\u00f3 heridas de gravedad y debi\u00f3 ser derivado de urgencia al hospital Escuela de la ciudad de Corrientes, donde permanece internado.<\/p>\n\n\n\n<p>Por su parte, el conductor del cami\u00f3n \u2014de apellido Tourne\u2014 result\u00f3 ileso.<\/p>\n\n\n\n<p>El tr\u00e1nsito en la zona estuvo interrumpido durante varias horas y las pericias continuaban este lunes para determinar qu\u00e9 origin\u00f3 el violento choque.<\/p>\n","protected":false},"excerpt":{"rendered":"<p>Un fuerte siniestro vial volvi\u00f3 a sacudir las rutas correntinas. Esta vez ocurri\u00f3 en cercan\u00edas del puente Batel, sobre la Ruta Provincial N\u00b0 123, donde un autom\u00f3vil Peugeot 308 choc\u00f3 de frente contra un cami\u00f3n cargado con piedras. En el veh\u00edculo de menor porte viajaban dos personas, ambas de apellido Zibecchi, una de ellas reconocida [&hellip;]<\/p>\n","protected":false},"author":2,"featured_media":22662,"comment_status":"closed","ping_status":"open","sticky":false,"template":"","format":"standard","meta":{"footnotes":""},"categories":[3],"tags":[42],"class_list":{"0":"post-22661","1":"post","2":"type-post","3":"status-publish","4":"format-standard","5":"has-post-thumbnail","7":"category-provinciales","8":"tag-featured"},"_links":{"self":[{"href":"https:\/\/zoomproducciones.com.ar\/zoomp\/wp-json\/wp\/v2\/posts\/22661","targetHints":{"allow":["GET"]}}],"collection":[{"href":"https:\/\/zoomproducciones.com.ar\/zoomp\/wp-json\/wp\/v2\/posts"}],"about":[{"href":"https:\/\/zoomproducciones.com.ar\/zoomp\/wp-json\/wp\/v2\/types\/post"}],"author":[{"embeddable":true,"href":"https:\/\/zoomproducciones.com.ar\/zoomp\/wp-json\/wp\/v2\/users\/2"}],"replies":[{"embeddable":true,"href":"https:\/\/zoomproducciones.com.ar\/zoomp\/wp-json\/wp\/v2\/comments?post=22661"}],"version-history":[{"count":1,"href":"https:\/\/zoomproducciones.com.ar\/zoomp\/wp-json\/wp\/v2\/posts\/22661\/revisions"}],"predecessor-version":[{"id":22667,"href":"https:\/\/zoomproducciones.com.ar\/zoomp\/wp-json\/wp\/v2\/posts\/22661\/revisions\/22667"}],"wp:featuredmedia":[{"embeddable":true,"href":"https:\/\/zoomproducciones.com.ar\/zoomp\/wp-json\/wp\/v2\/media\/22662"}],"wp:attachment":[{"href":"https:\/\/zoomproducciones.com.ar\/zoomp\/wp-json\/wp\/v2\/media?parent=22661"}],"wp:term":[{"taxonomy":"category","embeddable":true,"href":"https:\/\/zoomproducciones.com.ar\/zoomp\/wp-json\/wp\/v2\/categories?post=22661"},{"taxonomy":"post_tag","embeddable":true,"href":"https:\/\/zoomproducciones.com.ar\/zoomp\/wp-json\/wp\/v2\/tags?post=22661"}],"curies":[{"name":"wp","href":"https:\/\/api.w.org\/{rel}","templated":true}]}}