{"id":22656,"date":"2025-05-23T09:50:23","date_gmt":"2025-05-23T12:50:23","guid":{"rendered":"https:\/\/zoomproducciones.com.ar\/zoomp\/?p=22656"},"modified":"2025-05-23T09:50:24","modified_gmt":"2025-05-23T12:50:24","slug":"valdes-visitara-paso-de-los-libres-entregara-netbooks-inaugurara-obras-y-habilitara-el-servicio-de-hemodialisis","status":"publish","type":"post","link":"https:\/\/zoomproducciones.com.ar\/zoomp\/valdes-visitara-paso-de-los-libres-entregara-netbooks-inaugurara-obras-y-habilitara-el-servicio-de-hemodialisis\/","title":{"rendered":"Vald\u00e9s visitar\u00e1 Paso de los Libres: entregar\u00e1 netbooks, inaugurar\u00e1 obras y habilitar\u00e1 el servicio de hemodi\u00e1lisis"},"content":{"rendered":"\n<p>Este viernes 23 de mayo, el gobernador de Corrientes, <strong>Gustavo Vald\u00e9s<\/strong>, visitar\u00e1 <strong>Paso de los Libres<\/strong> como parte de su agenda oficial en el sur provincial. Durante la tarde, encabezar\u00e1 <strong>tres actividades clave en distintos puntos de la ciudad<\/strong>, vinculadas a educaci\u00f3n, infraestructura y salud p\u00fablica.<\/p>\n\n\n\n<p>A las <strong>16 horas<\/strong>, Vald\u00e9s entregar\u00e1 <strong>netbooks del programa \u201cIncluir Futuro\u201d<\/strong> a estudiantes del <strong>Colegio Secundario \u201cCoronel Sime\u00f3n Payba\u201d<\/strong>, ubicado en el barrio <strong>200 Viviendas<\/strong>.<\/p>\n\n\n\n<p>Una hora m\u00e1s tarde, a las <strong>17<\/strong>, dejar\u00e1 inaugurada la <strong>red de agua potable<\/strong> del barrio <strong>Aeropuerto<\/strong>, en la zona de acceso a \u201cLas Carmelitas\u201d. Esta obra busca mejorar el abastecimiento de agua segura para decenas de familias.<\/p>\n\n\n\n<p>Finalmente, a las <strong>17:45 horas<\/strong>, el mandatario provincial habilitar\u00e1 el <strong>nuevo Servicio de Hemodi\u00e1lisis del Hospital \u201cSan Jos\u00e9\u201d<\/strong>, en <strong>avenida Salvador Di Tomasso al 1.700<\/strong>. Esta incorporaci\u00f3n representa un avance significativo en el sistema de salud local, al permitir el tratamiento de pacientes con enfermedades renales sin necesidad de trasladarse a otras ciudades.<\/p>\n\n\n\n<p>Por la ma\u00f1ana, Vald\u00e9s estar\u00e1 en la vecina localidad de <strong>Tapebicu\u00e1<\/strong>, donde entregar\u00e1 viviendas del programa O\u00f1ondiv\u00e9 en el barrio Progreso y habilitar\u00e1 un cajero autom\u00e1tico.<\/p>\n","protected":false},"excerpt":{"rendered":"<p>Este viernes 23 de mayo, el gobernador de Corrientes, Gustavo Vald\u00e9s, visitar\u00e1 Paso de los Libres como parte de su agenda oficial en el sur provincial. Durante la tarde, encabezar\u00e1 tres actividades clave en distintos puntos de la ciudad, vinculadas a educaci\u00f3n, infraestructura y salud p\u00fablica. A las 16 horas, Vald\u00e9s entregar\u00e1 netbooks del programa [&hellip;]<\/p>\n","protected":false},"author":2,"featured_media":22657,"comment_status":"closed","ping_status":"open","sticky":false,"template":"","format":"standard","meta":{"footnotes":""},"categories":[5],"tags":[511],"class_list":{"0":"post-22656","1":"post","2":"type-post","3":"status-publish","4":"format-standard","5":"has-post-thumbnail","7":"category-locales","8":"tag-bloque-2"},"_links":{"self":[{"href":"https:\/\/zoomproducciones.com.ar\/zoomp\/wp-json\/wp\/v2\/posts\/22656","targetHints":{"allow":["GET"]}}],"collection":[{"href":"https:\/\/zoomproducciones.com.ar\/zoomp\/wp-json\/wp\/v2\/posts"}],"about":[{"href":"https:\/\/zoomproducciones.com.ar\/zoomp\/wp-json\/wp\/v2\/types\/post"}],"author":[{"embeddable":true,"href":"https:\/\/zoomproducciones.com.ar\/zoomp\/wp-json\/wp\/v2\/users\/2"}],"replies":[{"embeddable":true,"href":"https:\/\/zoomproducciones.com.ar\/zoomp\/wp-json\/wp\/v2\/comments?post=22656"}],"version-history":[{"count":1,"href":"https:\/\/zoomproducciones.com.ar\/zoomp\/wp-json\/wp\/v2\/posts\/22656\/revisions"}],"predecessor-version":[{"id":22658,"href":"https:\/\/zoomproducciones.com.ar\/zoomp\/wp-json\/wp\/v2\/posts\/22656\/revisions\/22658"}],"wp:featuredmedia":[{"embeddable":true,"href":"https:\/\/zoomproducciones.com.ar\/zoomp\/wp-json\/wp\/v2\/media\/22657"}],"wp:attachment":[{"href":"https:\/\/zoomproducciones.com.ar\/zoomp\/wp-json\/wp\/v2\/media?parent=22656"}],"wp:term":[{"taxonomy":"category","embeddable":true,"href":"https:\/\/zoomproducciones.com.ar\/zoomp\/wp-json\/wp\/v2\/categories?post=22656"},{"taxonomy":"post_tag","embeddable":true,"href":"https:\/\/zoomproducciones.com.ar\/zoomp\/wp-json\/wp\/v2\/tags?post=22656"}],"curies":[{"name":"wp","href":"https:\/\/api.w.org\/{rel}","templated":true}]}}