{"id":22653,"date":"2025-05-23T09:46:06","date_gmt":"2025-05-23T12:46:06","guid":{"rendered":"https:\/\/zoomproducciones.com.ar\/zoomp\/?p=22653"},"modified":"2025-05-23T09:46:06","modified_gmt":"2025-05-23T12:46:06","slug":"tenso-cruce-entre-luis-caputo-y-un-periodista-durante-una-conferencia-por-anuncios-economicos","status":"publish","type":"post","link":"https:\/\/zoomproducciones.com.ar\/zoomp\/tenso-cruce-entre-luis-caputo-y-un-periodista-durante-una-conferencia-por-anuncios-economicos\/","title":{"rendered":"Tenso cruce entre Luis Caputo y un periodista durante una conferencia por anuncios econ\u00f3micos"},"content":{"rendered":"\n<p>Durante la presentaci\u00f3n de nuevas medidas econ\u00f3micas del Gobierno, el ministro de Econom\u00eda, <strong>Luis Caputo<\/strong>, protagoniz\u00f3 un <strong>tenso intercambio con el periodista Jonathan Heguier<\/strong>, del portal <em>El Destape<\/em>, quien lo interpel\u00f3 sobre los fondos en d\u00f3lares que los funcionarios podr\u00edan tener en el exterior o no declarados.<\/p>\n\n\n\n<p>El momento se gener\u00f3 cuando Heguier pregunt\u00f3:<br><strong>\u00ab\u00bfEl Gabinete o los ministros van a dar el ejemplo trayendo su dinero del exterior o sus d\u00f3lares debajo del colch\u00f3n? S\u00e9 que es uno de los casos del ministro Caputo\u00bb<\/strong>.<\/p>\n\n\n\n<p>La reacci\u00f3n del funcionario fue inmediata y con visible molestia:<br><strong>\u00ab\u00a1No seas irrespetuoso! No te pases de listo. Acab\u00e1s de decir que yo tengo d\u00f3lares debajo del colch\u00f3n. Es una falta de respeto. Rectificate\u00bb<\/strong>, respondi\u00f3 Caputo, cortando al periodista.<\/p>\n\n\n\n<p>Luego del cruce, Heguier reformul\u00f3 su consulta, apuntando a si el Gobierno contempla que los funcionarios traigan al pa\u00eds los d\u00f3lares <strong>declarados en el exterior<\/strong>, en el marco del nuevo r\u00e9gimen econ\u00f3mico anunciado por el Ministerio.<\/p>\n\n\n\n<p>Caputo retom\u00f3 la palabra y respondi\u00f3:<br><strong>\u00abTener d\u00f3lares en el exterior est\u00e1 permitido. No es lo mismo que tenerlos debajo del colch\u00f3n, que es no declararlos\u00bb<\/strong>, aclar\u00f3.<\/p>\n\n\n\n<p>Y concluy\u00f3:<br><strong>\u00abPromovemos la libertad. El que quiera tenerlos afuera los puede tener. El que los quiera traer, los puede traer. Pero no tiene nada que ver con la medida anunciada hoy\u00bb<\/strong>.<\/p>\n\n\n\n<p>El cruce marc\u00f3 uno de los momentos m\u00e1s tensos de la conferencia de prensa y evidenci\u00f3 el clima de sensibilidad pol\u00edtica que rodea a las decisiones econ\u00f3micas del oficialismo.<\/p>\n","protected":false},"excerpt":{"rendered":"<p>Durante la presentaci\u00f3n de nuevas medidas econ\u00f3micas del Gobierno, el ministro de Econom\u00eda, Luis Caputo, protagoniz\u00f3 un tenso intercambio con el periodista Jonathan Heguier, del portal El Destape, quien lo interpel\u00f3 sobre los fondos en d\u00f3lares que los funcionarios podr\u00edan tener en el exterior o no declarados. El momento se gener\u00f3 cuando Heguier pregunt\u00f3:\u00ab\u00bfEl Gabinete [&hellip;]<\/p>\n","protected":false},"author":2,"featured_media":22654,"comment_status":"closed","ping_status":"open","sticky":false,"template":"","format":"standard","meta":{"footnotes":""},"categories":[8],"tags":[511],"class_list":{"0":"post-22653","1":"post","2":"type-post","3":"status-publish","4":"format-standard","5":"has-post-thumbnail","7":"category-nacionales","8":"tag-bloque-2"},"_links":{"self":[{"href":"https:\/\/zoomproducciones.com.ar\/zoomp\/wp-json\/wp\/v2\/posts\/22653","targetHints":{"allow":["GET"]}}],"collection":[{"href":"https:\/\/zoomproducciones.com.ar\/zoomp\/wp-json\/wp\/v2\/posts"}],"about":[{"href":"https:\/\/zoomproducciones.com.ar\/zoomp\/wp-json\/wp\/v2\/types\/post"}],"author":[{"embeddable":true,"href":"https:\/\/zoomproducciones.com.ar\/zoomp\/wp-json\/wp\/v2\/users\/2"}],"replies":[{"embeddable":true,"href":"https:\/\/zoomproducciones.com.ar\/zoomp\/wp-json\/wp\/v2\/comments?post=22653"}],"version-history":[{"count":1,"href":"https:\/\/zoomproducciones.com.ar\/zoomp\/wp-json\/wp\/v2\/posts\/22653\/revisions"}],"predecessor-version":[{"id":22655,"href":"https:\/\/zoomproducciones.com.ar\/zoomp\/wp-json\/wp\/v2\/posts\/22653\/revisions\/22655"}],"wp:featuredmedia":[{"embeddable":true,"href":"https:\/\/zoomproducciones.com.ar\/zoomp\/wp-json\/wp\/v2\/media\/22654"}],"wp:attachment":[{"href":"https:\/\/zoomproducciones.com.ar\/zoomp\/wp-json\/wp\/v2\/media?parent=22653"}],"wp:term":[{"taxonomy":"category","embeddable":true,"href":"https:\/\/zoomproducciones.com.ar\/zoomp\/wp-json\/wp\/v2\/categories?post=22653"},{"taxonomy":"post_tag","embeddable":true,"href":"https:\/\/zoomproducciones.com.ar\/zoomp\/wp-json\/wp\/v2\/tags?post=22653"}],"curies":[{"name":"wp","href":"https:\/\/api.w.org\/{rel}","templated":true}]}}