{"id":22645,"date":"2025-05-23T09:39:41","date_gmt":"2025-05-23T12:39:41","guid":{"rendered":"https:\/\/zoomproducciones.com.ar\/zoomp\/?p=22645"},"modified":"2025-05-23T09:39:42","modified_gmt":"2025-05-23T12:39:42","slug":"imagenes-sensibles-asi-encontro-la-policia-la-escena-del-crimen-en-la-masacre-de-villa-crespo","status":"publish","type":"post","link":"https:\/\/zoomproducciones.com.ar\/zoomp\/imagenes-sensibles-asi-encontro-la-policia-la-escena-del-crimen-en-la-masacre-de-villa-crespo\/","title":{"rendered":"Im\u00e1genes sensibles: as\u00ed encontr\u00f3 la polic\u00eda la escena del crimen en la masacre de Villa Crespo"},"content":{"rendered":"\n<p>Los cuerpos de los cuatro integrantes de la familia Seltzer-Leguizam\u00f3n fueron hallados sin vida en su vivienda de la calle Aguirre al 200, en el barrio porte\u00f1o de <strong>Villa Crespo<\/strong>. La tragedia, investigada como un <strong>homicidio seguido de suicidio<\/strong>, conmocion\u00f3 a la comunidad y est\u00e1 bajo la \u00f3rbita de la Justicia porte\u00f1a.<\/p>\n\n\n\n<p>Seg\u00fan informaron fuentes del caso a Noticias Argentinas (NA), los hechos habr\u00edan ocurrido entre la <strong>noche del martes y la madrugada del mi\u00e9rcoles<\/strong>, y la <strong>disposici\u00f3n de los cuerpos permiti\u00f3 reconstruir parcialmente la secuencia<\/strong> del crimen.<\/p>\n\n\n\n<h3 class=\"wp-block-heading\">El hallazgo<\/h3>\n\n\n\n<p>La <strong>empleada dom\u00e9stica<\/strong> fue quien descubri\u00f3 la escena al ingresar al departamento en la ma\u00f1ana del mi\u00e9rcoles. En el <strong>pasillo<\/strong>, encontr\u00f3 el cuerpo de <strong>Ivo Seltzer<\/strong>, de <strong>12 a\u00f1os<\/strong>, quien habr\u00eda intentado huir del ataque.<\/p>\n\n\n\n<p>En el <strong>comedor<\/strong>, yac\u00eda su hermano <strong>Ian Seltzer<\/strong>, de <strong>15<\/strong>, con <strong>m\u00faltiples heridas de arma blanca en el pecho y la espalda<\/strong>. De acuerdo con la investigaci\u00f3n, habr\u00eda sido atacado inicialmente en su habitaci\u00f3n y alcanzado mientras intentaba escapar.<\/p>\n\n\n\n<p>En el <strong>dormitorio principal<\/strong>, fue hallado el cuerpo de <strong>Adri\u00e1n Seltzer<\/strong>, el padre, recostado en su cama. Seg\u00fan los peritos, <strong>no presentaba signos de defensa<\/strong>, lo que indicar\u00eda que fue atacado mientras dorm\u00eda o se encontraba sedado. Recibi\u00f3 <strong>tres pu\u00f1aladas en el pecho<\/strong>.<\/p>\n\n\n\n<figure class=\"wp-block-image size-full\"><a href=\"https:\/\/zoomproducciones.com.ar\/zoomp\/wp-content\/uploads\/2025\/05\/image-86.png\"><img loading=\"lazy\" decoding=\"async\" width=\"540\" height=\"720\" src=\"https:\/\/zoomproducciones.com.ar\/zoomp\/wp-content\/uploads\/2025\/05\/image-86.png\" alt=\"\" class=\"wp-image-22648\" srcset=\"https:\/\/zoomproducciones.com.ar\/zoomp\/wp-content\/uploads\/2025\/05\/image-86.png 540w, https:\/\/zoomproducciones.com.ar\/zoomp\/wp-content\/uploads\/2025\/05\/image-86-225x300.png 225w\" sizes=\"auto, (max-width: 540px) 100vw, 540px\" \/><\/a><\/figure>\n\n\n\n<p>En el <strong>ba\u00f1o<\/strong>, fue hallada <strong>Laura Leguizam\u00f3n<\/strong>, madre de los menores y pareja del hombre. Su cuerpo estaba recostado sobre el bidet, con <strong>lesiones autoinfligidas en el pecho y cortes en las mu\u00f1ecas<\/strong>. La autopsia determin\u00f3 que las heridas eran <strong>compatibles con suicidio<\/strong>.<\/p>\n\n\n\n<figure class=\"wp-block-image size-full\"><a href=\"https:\/\/zoomproducciones.com.ar\/zoomp\/wp-content\/uploads\/2025\/05\/image-85.png\"><img loading=\"lazy\" decoding=\"async\" width=\"540\" height=\"720\" src=\"https:\/\/zoomproducciones.com.ar\/zoomp\/wp-content\/uploads\/2025\/05\/image-85.png\" alt=\"\" class=\"wp-image-22647\" srcset=\"https:\/\/zoomproducciones.com.ar\/zoomp\/wp-content\/uploads\/2025\/05\/image-85.png 540w, https:\/\/zoomproducciones.com.ar\/zoomp\/wp-content\/uploads\/2025\/05\/image-85-225x300.png 225w\" sizes=\"auto, (max-width: 540px) 100vw, 540px\" \/><\/a><\/figure>\n\n\n\n<h3 class=\"wp-block-heading\">Hip\u00f3tesis e investigaci\u00f3n<\/h3>\n\n\n\n<p>La <strong>hermana de Laura Leguizam\u00f3n<\/strong> aport\u00f3 informaci\u00f3n clave sobre su <strong>cuadro psiqui\u00e1trico<\/strong>, lo que refuerza la principal hip\u00f3tesis que manejan los investigadores: <strong>un episodio de homicidio vinculado seguido de suicidio<\/strong>.<\/p>\n\n\n\n<p>Las im\u00e1genes de la escena, preservadas por su alto contenido sensible, no ser\u00e1n difundidas, en particular aquellas en las que aparecen los menores, en respeto a las v\u00edctimas y sus familiares.<\/p>\n\n\n\n<p>La investigaci\u00f3n avanza en el <strong>\u00e1mbito de la Justicia de la Ciudad Aut\u00f3noma de Buenos Aires<\/strong>, que trabaja junto a la Polic\u00eda Cient\u00edfica para esclarecer por completo las circunstancias del hecho.<\/p>\n","protected":false},"excerpt":{"rendered":"<p>Los cuerpos de los cuatro integrantes de la familia Seltzer-Leguizam\u00f3n fueron hallados sin vida en su vivienda de la calle Aguirre al 200, en el barrio porte\u00f1o de Villa Crespo. La tragedia, investigada como un homicidio seguido de suicidio, conmocion\u00f3 a la comunidad y est\u00e1 bajo la \u00f3rbita de la Justicia porte\u00f1a. Seg\u00fan informaron fuentes [&hellip;]<\/p>\n","protected":false},"author":2,"featured_media":22628,"comment_status":"closed","ping_status":"open","sticky":false,"template":"","format":"standard","meta":{"footnotes":""},"categories":[8],"tags":[511],"class_list":{"0":"post-22645","1":"post","2":"type-post","3":"status-publish","4":"format-standard","5":"has-post-thumbnail","7":"category-nacionales","8":"tag-bloque-2"},"_links":{"self":[{"href":"https:\/\/zoomproducciones.com.ar\/zoomp\/wp-json\/wp\/v2\/posts\/22645","targetHints":{"allow":["GET"]}}],"collection":[{"href":"https:\/\/zoomproducciones.com.ar\/zoomp\/wp-json\/wp\/v2\/posts"}],"about":[{"href":"https:\/\/zoomproducciones.com.ar\/zoomp\/wp-json\/wp\/v2\/types\/post"}],"author":[{"embeddable":true,"href":"https:\/\/zoomproducciones.com.ar\/zoomp\/wp-json\/wp\/v2\/users\/2"}],"replies":[{"embeddable":true,"href":"https:\/\/zoomproducciones.com.ar\/zoomp\/wp-json\/wp\/v2\/comments?post=22645"}],"version-history":[{"count":1,"href":"https:\/\/zoomproducciones.com.ar\/zoomp\/wp-json\/wp\/v2\/posts\/22645\/revisions"}],"predecessor-version":[{"id":22649,"href":"https:\/\/zoomproducciones.com.ar\/zoomp\/wp-json\/wp\/v2\/posts\/22645\/revisions\/22649"}],"wp:featuredmedia":[{"embeddable":true,"href":"https:\/\/zoomproducciones.com.ar\/zoomp\/wp-json\/wp\/v2\/media\/22628"}],"wp:attachment":[{"href":"https:\/\/zoomproducciones.com.ar\/zoomp\/wp-json\/wp\/v2\/media?parent=22645"}],"wp:term":[{"taxonomy":"category","embeddable":true,"href":"https:\/\/zoomproducciones.com.ar\/zoomp\/wp-json\/wp\/v2\/categories?post=22645"},{"taxonomy":"post_tag","embeddable":true,"href":"https:\/\/zoomproducciones.com.ar\/zoomp\/wp-json\/wp\/v2\/tags?post=22645"}],"curies":[{"name":"wp","href":"https:\/\/api.w.org\/{rel}","templated":true}]}}