{"id":22639,"date":"2025-05-23T09:35:00","date_gmt":"2025-05-23T12:35:00","guid":{"rendered":"https:\/\/zoomproducciones.com.ar\/zoomp\/?p=22639"},"modified":"2025-05-23T09:35:01","modified_gmt":"2025-05-23T12:35:01","slug":"paso-de-los-libres-demoran-a-un-menor-tras-intento-de-robo-en-barrio-154-viviendas","status":"publish","type":"post","link":"https:\/\/zoomproducciones.com.ar\/zoomp\/paso-de-los-libres-demoran-a-un-menor-tras-intento-de-robo-en-barrio-154-viviendas\/","title":{"rendered":"Paso de los Libres: demoran a un menor tras intento de robo en barrio 154 Viviendas"},"content":{"rendered":"\n<p>Seg\u00fan la gacetilla de prensa publicada el d\u00eda de ayer por la Polic\u00eda de Corrientes en Paso de los Libres, un menor fue demorado  por personal de la Comisar\u00eda Segunda de la Unidad Regional IV, en el marco de actuaciones vinculadas a dos hechos de robo registrados en distintos puntos de la ciudad.<\/p>\n\n\n\n<p>El procedimiento ocurri\u00f3 mientras efectivos policiales realizaban tareas de prevenci\u00f3n en la zona de barrios INVICO, espec\u00edficamente en el <strong>Barrio 154 Viviendas<\/strong>, manzana \u201cN\u201d, cerca de avenida 12 de Septiembre. All\u00ed, observaron a un joven en actitud sospechosa que intentaba ocultarse al notar la presencia policial. De inmediato, fue demorado preventivamente seg\u00fan lo establecido en la legislaci\u00f3n vigente.<\/p>\n\n\n\n<p>Durante la requisa superficial, se le encontraron <strong>dos llaves peque\u00f1as y un cartucho de munici\u00f3n<\/strong>, sin que pudiera justificar su tenencia. Por ello, fue trasladado a la dependencia policial.<\/p>\n\n\n\n<p>Antes de la demora, un vecino de la zona \u2014el ciudadano <strong>R. Monz\u00f3n<\/strong>, polic\u00eda retirado\u2014 inform\u00f3 haber visto a un joven con actitud sospechosa merodeando por su cuadra.<\/p>\n\n\n\n<p><strong>Hechos relacionados:<\/strong><br>El ciudadano <strong>C. Culasso<\/strong> denunci\u00f3 en Comisar\u00eda Segunda que su veh\u00edculo, estacionado frente a su casa en el <strong>barrio 100 Viviendas<\/strong>, hab\u00eda sido forzado y revisado en su interior. Si bien no not\u00f3 faltantes al momento, el hecho qued\u00f3 registrado.<\/p>\n\n\n\n<p>Posteriormente, en <strong>Barrio 154 Viviendas<\/strong>, <strong>A. Villalba<\/strong>, de 65 a\u00f1os, denunci\u00f3 que su veh\u00edculo Renault 21 fue violentado y que le sustrajeron el est\u00e9reo, tras cortar los cables de conexi\u00f3n.<\/p>\n\n\n\n<p>En el lugar trabaj\u00f3 el perito oficial <strong>Lic. Jorge Rezech<\/strong>, quien realiz\u00f3 las pericias correspondientes. El <strong>Fiscal de Turno, Dr. Facundo Sotelo<\/strong>, fue informado y dispuso el inicio de actuaciones judiciales por los delitos de <strong>Tentativa de Robo y Supuesto Robo<\/strong>, notificando de su situaci\u00f3n legal al menor implicado.<\/p>\n\n\n\n<p>Las investigaciones contin\u00faan para determinar si el joven demorado tiene vinculaci\u00f3n directa con los hechos denunciados.<\/p>\n","protected":false},"excerpt":{"rendered":"<p>Seg\u00fan la gacetilla de prensa publicada el d\u00eda de ayer por la Polic\u00eda de Corrientes en Paso de los Libres, un menor fue demorado por personal de la Comisar\u00eda Segunda de la Unidad Regional IV, en el marco de actuaciones vinculadas a dos hechos de robo registrados en distintos puntos de la ciudad. El procedimiento [&hellip;]<\/p>\n","protected":false},"author":2,"featured_media":22641,"comment_status":"closed","ping_status":"open","sticky":false,"template":"","format":"standard","meta":{"footnotes":""},"categories":[5],"tags":[42],"class_list":{"0":"post-22639","1":"post","2":"type-post","3":"status-publish","4":"format-standard","5":"has-post-thumbnail","7":"category-locales","8":"tag-featured"},"_links":{"self":[{"href":"https:\/\/zoomproducciones.com.ar\/zoomp\/wp-json\/wp\/v2\/posts\/22639","targetHints":{"allow":["GET"]}}],"collection":[{"href":"https:\/\/zoomproducciones.com.ar\/zoomp\/wp-json\/wp\/v2\/posts"}],"about":[{"href":"https:\/\/zoomproducciones.com.ar\/zoomp\/wp-json\/wp\/v2\/types\/post"}],"author":[{"embeddable":true,"href":"https:\/\/zoomproducciones.com.ar\/zoomp\/wp-json\/wp\/v2\/users\/2"}],"replies":[{"embeddable":true,"href":"https:\/\/zoomproducciones.com.ar\/zoomp\/wp-json\/wp\/v2\/comments?post=22639"}],"version-history":[{"count":1,"href":"https:\/\/zoomproducciones.com.ar\/zoomp\/wp-json\/wp\/v2\/posts\/22639\/revisions"}],"predecessor-version":[{"id":22643,"href":"https:\/\/zoomproducciones.com.ar\/zoomp\/wp-json\/wp\/v2\/posts\/22639\/revisions\/22643"}],"wp:featuredmedia":[{"embeddable":true,"href":"https:\/\/zoomproducciones.com.ar\/zoomp\/wp-json\/wp\/v2\/media\/22641"}],"wp:attachment":[{"href":"https:\/\/zoomproducciones.com.ar\/zoomp\/wp-json\/wp\/v2\/media?parent=22639"}],"wp:term":[{"taxonomy":"category","embeddable":true,"href":"https:\/\/zoomproducciones.com.ar\/zoomp\/wp-json\/wp\/v2\/categories?post=22639"},{"taxonomy":"post_tag","embeddable":true,"href":"https:\/\/zoomproducciones.com.ar\/zoomp\/wp-json\/wp\/v2\/tags?post=22639"}],"curies":[{"name":"wp","href":"https:\/\/api.w.org\/{rel}","templated":true}]}}