{"id":22638,"date":"2025-05-23T09:35:02","date_gmt":"2025-05-23T12:35:02","guid":{"rendered":"https:\/\/zoomproducciones.com.ar\/zoomp\/?p=22638"},"modified":"2025-05-23T09:35:03","modified_gmt":"2025-05-23T12:35:03","slug":"continua-la-busqueda-activa-de-santiago-suarez-rastrillajes-y-difusion-en-zona-periurbana","status":"publish","type":"post","link":"https:\/\/zoomproducciones.com.ar\/zoomp\/continua-la-busqueda-activa-de-santiago-suarez-rastrillajes-y-difusion-en-zona-periurbana\/","title":{"rendered":"Contin\u00faa la b\u00fasqueda activa de Santiago Su\u00e1rez: rastrillajes y difusi\u00f3n en zona periurbana"},"content":{"rendered":"\n<p>Durante la jornada de ayer, <strong>jueves 22 de mayo<\/strong>, se intensificaron los operativos de b\u00fasqueda del joven <strong>Santiago Su\u00e1rez<\/strong>, en el marco de un despliegue coordinado por las fuerzas de seguridad locales.<\/p>\n\n\n\n<p>Desde temprano, se organizaron grupos de caminantes que rastrillaron la <strong>zona periurbana con proximidad al casco c\u00e9ntrico<\/strong> de la ciudad. En paralelo, se llev\u00f3 adelante una amplia distribuci\u00f3n de <strong>folleter\u00eda con la imagen del joven<\/strong> y los n\u00fameros de contacto para recibir cualquier informaci\u00f3n que pudiera colaborar en su localizaci\u00f3n.<\/p>\n\n\n\n<p>Las autoridades reiteran su agradecimiento por la colaboraci\u00f3n ciudadana y destacan que <strong>cualquier dato, por menor que parezca, puede ser clave<\/strong> para avanzar en la investigaci\u00f3n.<\/p>\n\n\n\n<p><strong>Tel\u00e9fonos para aportar informaci\u00f3n:<\/strong><\/p>\n\n\n\n<ul class=\"wp-block-list\">\n<li><strong>Comisar\u00eda Primera:<\/strong> 3772-426003<\/li>\n\n\n\n<li><strong>Comisar\u00eda Segunda:<\/strong> 3772-426730<\/li>\n\n\n\n<li><strong>Comisar\u00eda Tercera:<\/strong> 3772-424036<\/li>\n<\/ul>\n\n\n\n<p>La b\u00fasqueda contin\u00faa de forma activa y coordinada. Se solicita a la poblaci\u00f3n mantenerse atenta y comunicarse ante cualquier informaci\u00f3n que pueda ser \u00fatil.<\/p>\n","protected":false},"excerpt":{"rendered":"<p>Durante la jornada de ayer, jueves 22 de mayo, se intensificaron los operativos de b\u00fasqueda del joven Santiago Su\u00e1rez, en el marco de un despliegue coordinado por las fuerzas de seguridad locales. Desde temprano, se organizaron grupos de caminantes que rastrillaron la zona periurbana con proximidad al casco c\u00e9ntrico de la ciudad. En paralelo, se [&hellip;]<\/p>\n","protected":false},"author":2,"featured_media":22640,"comment_status":"closed","ping_status":"open","sticky":false,"template":"","format":"standard","meta":{"footnotes":""},"categories":[5],"tags":[42],"class_list":{"0":"post-22638","1":"post","2":"type-post","3":"status-publish","4":"format-standard","5":"has-post-thumbnail","7":"category-locales","8":"tag-featured"},"_links":{"self":[{"href":"https:\/\/zoomproducciones.com.ar\/zoomp\/wp-json\/wp\/v2\/posts\/22638","targetHints":{"allow":["GET"]}}],"collection":[{"href":"https:\/\/zoomproducciones.com.ar\/zoomp\/wp-json\/wp\/v2\/posts"}],"about":[{"href":"https:\/\/zoomproducciones.com.ar\/zoomp\/wp-json\/wp\/v2\/types\/post"}],"author":[{"embeddable":true,"href":"https:\/\/zoomproducciones.com.ar\/zoomp\/wp-json\/wp\/v2\/users\/2"}],"replies":[{"embeddable":true,"href":"https:\/\/zoomproducciones.com.ar\/zoomp\/wp-json\/wp\/v2\/comments?post=22638"}],"version-history":[{"count":1,"href":"https:\/\/zoomproducciones.com.ar\/zoomp\/wp-json\/wp\/v2\/posts\/22638\/revisions"}],"predecessor-version":[{"id":22644,"href":"https:\/\/zoomproducciones.com.ar\/zoomp\/wp-json\/wp\/v2\/posts\/22638\/revisions\/22644"}],"wp:featuredmedia":[{"embeddable":true,"href":"https:\/\/zoomproducciones.com.ar\/zoomp\/wp-json\/wp\/v2\/media\/22640"}],"wp:attachment":[{"href":"https:\/\/zoomproducciones.com.ar\/zoomp\/wp-json\/wp\/v2\/media?parent=22638"}],"wp:term":[{"taxonomy":"category","embeddable":true,"href":"https:\/\/zoomproducciones.com.ar\/zoomp\/wp-json\/wp\/v2\/categories?post=22638"},{"taxonomy":"post_tag","embeddable":true,"href":"https:\/\/zoomproducciones.com.ar\/zoomp\/wp-json\/wp\/v2\/tags?post=22638"}],"curies":[{"name":"wp","href":"https:\/\/api.w.org\/{rel}","templated":true}]}}