{"id":22630,"date":"2025-05-22T08:38:59","date_gmt":"2025-05-22T11:38:59","guid":{"rendered":"https:\/\/zoomproducciones.com.ar\/zoomp\/?p=22630"},"modified":"2025-05-22T08:39:00","modified_gmt":"2025-05-22T11:39:00","slug":"la-corte-suprema-dejo-firme-la-condena-a-un-exintendente-de-chaco-por-abuso-sexual-contra-sus-hijastras","status":"publish","type":"post","link":"https:\/\/zoomproducciones.com.ar\/zoomp\/la-corte-suprema-dejo-firme-la-condena-a-un-exintendente-de-chaco-por-abuso-sexual-contra-sus-hijastras\/","title":{"rendered":"La Corte Suprema dej\u00f3 firme la condena a un exintendente de Chaco por abuso sexual contra sus hijastras"},"content":{"rendered":"\n<p>La Corte Suprema de Justicia de la Naci\u00f3n dej\u00f3 firme la <strong>condena a siete a\u00f1os de prisi\u00f3n<\/strong> contra <strong>C\u00e9sar Falc\u00f3n<\/strong>, exintendente de Colonia Ben\u00edtez, Chaco, por el <strong>abuso sexual reiterado de sus dos hijastras<\/strong> cuando ambas eran menores de edad.<\/p>\n\n\n\n<p>El fallo del m\u00e1ximo tribunal, firmado por los jueces <strong>Horacio Rosatti, Carlos Rosenkrantz y Ricardo Lorenzetti<\/strong>, rechaz\u00f3 por <strong>cuestiones formales<\/strong> el recurso de queja presentado por la defensa del exfuncionario, quien se encuentra detenido desde octubre de 2024.<\/p>\n\n\n\n<h3 class=\"wp-block-heading\">Abusos, condena y confirmaci\u00f3n judicial<\/h3>\n\n\n\n<p>Los hechos ocurrieron entre <strong>1994 y 2001<\/strong> y fueron denunciados <strong>quince a\u00f1os despu\u00e9s<\/strong>, cuando una de las v\u00edctimas <strong>alcanz\u00f3 la mayor\u00eda de edad<\/strong>. La causa culmin\u00f3 en septiembre de 2021 con la condena a Falc\u00f3n por <strong>\u00ababuso sexual simple reiterado, agravado por ser cometido contra una menor de 18 a\u00f1os aprovechando la convivencia preexistente, en concurso real con exhibiciones obscenas\u00bb<\/strong>.<\/p>\n\n\n\n<p>Durante el juicio oral, la <strong>fiscal\u00eda solicit\u00f3 una pena de nueve a\u00f1os de prisi\u00f3n<\/strong>, mientras que la <strong>querella pidi\u00f3 14<\/strong>. Finalmente, el juez <strong>V\u00edctor Del R\u00edo<\/strong> impuso una condena de siete a\u00f1os. La sentencia fue confirmada en septiembre de 2023 por la <strong>C\u00e1mara Segunda en lo Criminal del Chaco<\/strong>, luego de que el caso regresara a etapa de cesura por la aplicaci\u00f3n del principio de la <strong>ley penal m\u00e1s benigna<\/strong>, lo que implic\u00f3 una revisi\u00f3n parcial del fallo original.<\/p>\n\n\n\n<h3 class=\"wp-block-heading\">Intento fallido de recurrir a la Corte<\/h3>\n\n\n\n<p>Tras la confirmaci\u00f3n del fallo, la defensa de Falc\u00f3n <strong>intent\u00f3 llevar el caso ante la Corte Suprema mediante un recurso extraordinario<\/strong>, que fue <strong>denegado el 30 de septiembre de 2024<\/strong>. Una vez agotadas las instancias, el tribunal dispuso la <strong>detenci\u00f3n inmediata<\/strong> del exintendente, quien ya se encuentra alojado en una unidad penitenciaria.<\/p>\n\n\n\n<h3 class=\"wp-block-heading\">Falc\u00f3n fue candidato en 2023 pese a la condena<\/h3>\n\n\n\n<p>A pesar de estar condenado, Falc\u00f3n <strong>se present\u00f3 como candidato a la intendencia<\/strong> de Colonia Ben\u00edtez en las elecciones municipales de <strong>2023<\/strong>. Fue <strong>habilitado por el Tribunal Electoral provincial<\/strong>, a pesar de las <strong>objeciones presentadas por la abogada de las v\u00edctimas<\/strong>. En los comicios no result\u00f3 electo, pero obtuvo el segundo lugar entre los candidatos m\u00e1s votados.<\/p>\n\n\n\n<p>El caso gener\u00f3 un fuerte repudio en la comunidad local y entre organizaciones feministas y de derechos humanos, que cuestionaron la <strong>habilitaci\u00f3n pol\u00edtica de una persona condenada por delitos sexuales contra menores<\/strong>, aunque no estuviera firme la sentencia en ese momento.<\/p>\n","protected":false},"excerpt":{"rendered":"<p>La Corte Suprema de Justicia de la Naci\u00f3n dej\u00f3 firme la condena a siete a\u00f1os de prisi\u00f3n contra C\u00e9sar Falc\u00f3n, exintendente de Colonia Ben\u00edtez, Chaco, por el abuso sexual reiterado de sus dos hijastras cuando ambas eran menores de edad. El fallo del m\u00e1ximo tribunal, firmado por los jueces Horacio Rosatti, Carlos Rosenkrantz y Ricardo [&hellip;]<\/p>\n","protected":false},"author":2,"featured_media":22631,"comment_status":"closed","ping_status":"open","sticky":false,"template":"","format":"standard","meta":{"footnotes":""},"categories":[8],"tags":[511],"class_list":{"0":"post-22630","1":"post","2":"type-post","3":"status-publish","4":"format-standard","5":"has-post-thumbnail","7":"category-nacionales","8":"tag-bloque-2"},"_links":{"self":[{"href":"https:\/\/zoomproducciones.com.ar\/zoomp\/wp-json\/wp\/v2\/posts\/22630","targetHints":{"allow":["GET"]}}],"collection":[{"href":"https:\/\/zoomproducciones.com.ar\/zoomp\/wp-json\/wp\/v2\/posts"}],"about":[{"href":"https:\/\/zoomproducciones.com.ar\/zoomp\/wp-json\/wp\/v2\/types\/post"}],"author":[{"embeddable":true,"href":"https:\/\/zoomproducciones.com.ar\/zoomp\/wp-json\/wp\/v2\/users\/2"}],"replies":[{"embeddable":true,"href":"https:\/\/zoomproducciones.com.ar\/zoomp\/wp-json\/wp\/v2\/comments?post=22630"}],"version-history":[{"count":1,"href":"https:\/\/zoomproducciones.com.ar\/zoomp\/wp-json\/wp\/v2\/posts\/22630\/revisions"}],"predecessor-version":[{"id":22632,"href":"https:\/\/zoomproducciones.com.ar\/zoomp\/wp-json\/wp\/v2\/posts\/22630\/revisions\/22632"}],"wp:featuredmedia":[{"embeddable":true,"href":"https:\/\/zoomproducciones.com.ar\/zoomp\/wp-json\/wp\/v2\/media\/22631"}],"wp:attachment":[{"href":"https:\/\/zoomproducciones.com.ar\/zoomp\/wp-json\/wp\/v2\/media?parent=22630"}],"wp:term":[{"taxonomy":"category","embeddable":true,"href":"https:\/\/zoomproducciones.com.ar\/zoomp\/wp-json\/wp\/v2\/categories?post=22630"},{"taxonomy":"post_tag","embeddable":true,"href":"https:\/\/zoomproducciones.com.ar\/zoomp\/wp-json\/wp\/v2\/tags?post=22630"}],"curies":[{"name":"wp","href":"https:\/\/api.w.org\/{rel}","templated":true}]}}