{"id":22627,"date":"2025-05-22T08:31:02","date_gmt":"2025-05-22T11:31:02","guid":{"rendered":"https:\/\/zoomproducciones.com.ar\/zoomp\/?p=22627"},"modified":"2025-05-22T08:31:03","modified_gmt":"2025-05-22T11:31:03","slug":"villa-crespo-investigan-si-el-psiquiatra-de-laura-leguizamon-pudo-haber-evitado-la-tragedia","status":"publish","type":"post","link":"https:\/\/zoomproducciones.com.ar\/zoomp\/villa-crespo-investigan-si-el-psiquiatra-de-laura-leguizamon-pudo-haber-evitado-la-tragedia\/","title":{"rendered":"Villa Crespo: investigan si el psiquiatra de Laura Leguizam\u00f3n pudo haber evitado la tragedia"},"content":{"rendered":"\n<p>La Justicia investiga si el <strong>psiquiatra que atend\u00eda a Laura Leguizam\u00f3n<\/strong>, la mujer que presuntamente asesin\u00f3 a su esposo y a sus dos hijos antes de quitarse la vida en el barrio porte\u00f1o de Villa Crespo, <strong>tuvo responsabilidad profesional en el caso<\/strong>, en caso de comprobarse que no le brind\u00f3 el tratamiento adecuado.<\/p>\n\n\n\n<p>En los primeros momentos tras el hallazgo de los cuerpos, ocurrido el mi\u00e9rcoles en un departamento de la calle <strong>Aguirre al 200<\/strong>, la hip\u00f3tesis inicial apuntaba al esposo, <strong>Bernardo Adri\u00e1n Seltzer<\/strong>, como posible autor de los homicidios. Sin embargo, la pesquisa dio un <strong>giro inesperado<\/strong>: las pericias forenses indicaron que habr\u00eda sido Leguizam\u00f3n quien <strong>apu\u00f1al\u00f3 a su familia<\/strong> y luego se suicid\u00f3.<\/p>\n\n\n\n<h3 class=\"wp-block-heading\">Las v\u00edctimas y el giro en la investigaci\u00f3n<\/h3>\n\n\n\n<p>Seg\u00fan fuentes policiales citadas por <strong>Noticias Argentinas<\/strong>, <strong>Seltzer fue encontrado en la cama con m\u00faltiples pu\u00f1aladas<\/strong>, sin se\u00f1ales de haberse defendido, lo que sugiere que estaba dormido al momento del ataque. Leguizam\u00f3n <strong>no presentaba heridas defensivas<\/strong>, lo que refuerza la hip\u00f3tesis del suicidio posterior a los asesinatos.<\/p>\n\n\n\n<p>Los hijos del matrimonio, <strong>Ivo (13 a\u00f1os) e Ian (15 a\u00f1os)<\/strong>, fueron sorprendidos mientras dorm\u00edan. Uno muri\u00f3 en su habitaci\u00f3n y el otro, aparentemente al intentar huir, fue asesinado en uno de los pasillos del departamento. Ambos adolescentes presentaban <strong>heridas de arma blanca en la espalda y signos de defensa<\/strong>, lo que indicar\u00eda que intentaron resistirse.<\/p>\n\n\n\n<h3 class=\"wp-block-heading\">El rol del psiquiatra bajo la lupa<\/h3>\n\n\n\n<p>La investigaci\u00f3n ahora busca establecer qu\u00e9 <strong>desencaden\u00f3 la conducta de Leguizam\u00f3n<\/strong>, y si <strong>su estado de salud mental fue desatendido o mal abordado<\/strong>.<\/p>\n\n\n\n<p>La propia <strong>hermana de la mujer<\/strong> declar\u00f3 ante la Justicia que Laura estaba en tratamiento psiqui\u00e1trico desde hac\u00eda <strong>al menos dos meses<\/strong>, y que su comportamiento hab\u00eda cambiado. Lo mismo se\u00f1al\u00f3 la empleada dom\u00e9stica que encontr\u00f3 los cuerpos: dijo que en los \u00faltimos d\u00edas <strong>\u201cestaba distinta\u201d<\/strong>.<\/p>\n\n\n\n<p>En este contexto, el <strong>profesional de salud mental que la atend\u00eda podr\u00eda ser evaluado por una posible negligencia<\/strong>, ya que en la Argentina <strong>los psiquiatras tienen el deber legal y \u00e9tico<\/strong> de prevenir situaciones en las que un paciente pueda representar un peligro para s\u00ed mismo o para terceros.<\/p>\n\n\n\n<p>Aunque por el momento el <strong>fiscal C\u00e9sar Troncoso<\/strong>, a cargo de la <strong>Fiscal\u00eda Nacional en lo Criminal y Correccional<\/strong>, <strong>no imput\u00f3 al psiquiatra ni orden\u00f3 medidas concretas<\/strong>, <strong>no se descarta que sea investigado<\/strong> si surgen elementos que demuestren una <strong>falla en el seguimiento del tratamiento o la evaluaci\u00f3n de riesgos<\/strong>.<\/p>\n","protected":false},"excerpt":{"rendered":"<p>La Justicia investiga si el psiquiatra que atend\u00eda a Laura Leguizam\u00f3n, la mujer que presuntamente asesin\u00f3 a su esposo y a sus dos hijos antes de quitarse la vida en el barrio porte\u00f1o de Villa Crespo, tuvo responsabilidad profesional en el caso, en caso de comprobarse que no le brind\u00f3 el tratamiento adecuado. En los [&hellip;]<\/p>\n","protected":false},"author":2,"featured_media":22628,"comment_status":"closed","ping_status":"open","sticky":false,"template":"","format":"standard","meta":{"footnotes":""},"categories":[8],"tags":[511],"class_list":{"0":"post-22627","1":"post","2":"type-post","3":"status-publish","4":"format-standard","5":"has-post-thumbnail","7":"category-nacionales","8":"tag-bloque-2"},"_links":{"self":[{"href":"https:\/\/zoomproducciones.com.ar\/zoomp\/wp-json\/wp\/v2\/posts\/22627","targetHints":{"allow":["GET"]}}],"collection":[{"href":"https:\/\/zoomproducciones.com.ar\/zoomp\/wp-json\/wp\/v2\/posts"}],"about":[{"href":"https:\/\/zoomproducciones.com.ar\/zoomp\/wp-json\/wp\/v2\/types\/post"}],"author":[{"embeddable":true,"href":"https:\/\/zoomproducciones.com.ar\/zoomp\/wp-json\/wp\/v2\/users\/2"}],"replies":[{"embeddable":true,"href":"https:\/\/zoomproducciones.com.ar\/zoomp\/wp-json\/wp\/v2\/comments?post=22627"}],"version-history":[{"count":1,"href":"https:\/\/zoomproducciones.com.ar\/zoomp\/wp-json\/wp\/v2\/posts\/22627\/revisions"}],"predecessor-version":[{"id":22629,"href":"https:\/\/zoomproducciones.com.ar\/zoomp\/wp-json\/wp\/v2\/posts\/22627\/revisions\/22629"}],"wp:featuredmedia":[{"embeddable":true,"href":"https:\/\/zoomproducciones.com.ar\/zoomp\/wp-json\/wp\/v2\/media\/22628"}],"wp:attachment":[{"href":"https:\/\/zoomproducciones.com.ar\/zoomp\/wp-json\/wp\/v2\/media?parent=22627"}],"wp:term":[{"taxonomy":"category","embeddable":true,"href":"https:\/\/zoomproducciones.com.ar\/zoomp\/wp-json\/wp\/v2\/categories?post=22627"},{"taxonomy":"post_tag","embeddable":true,"href":"https:\/\/zoomproducciones.com.ar\/zoomp\/wp-json\/wp\/v2\/tags?post=22627"}],"curies":[{"name":"wp","href":"https:\/\/api.w.org\/{rel}","templated":true}]}}