{"id":22620,"date":"2025-05-22T08:22:55","date_gmt":"2025-05-22T11:22:55","guid":{"rendered":"https:\/\/zoomproducciones.com.ar\/zoomp\/?p=22620"},"modified":"2025-05-22T08:22:57","modified_gmt":"2025-05-22T11:22:57","slug":"catalano-contra-el-dnu-de-milei-demonizan-la-protesta-y-destrozan-el-derecho-al-reclamo","status":"publish","type":"post","link":"https:\/\/zoomproducciones.com.ar\/zoomp\/catalano-contra-el-dnu-de-milei-demonizan-la-protesta-y-destrozan-el-derecho-al-reclamo\/","title":{"rendered":"Catalano contra el DNU de Milei: \u201cDemonizan la protesta y destrozan el derecho al reclamo\u201d"},"content":{"rendered":"\n<p>El secretario general de la Asociaci\u00f3n de Trabajadores del Estado (ATE), <strong>Daniel Catalano<\/strong>, critic\u00f3 duramente el Decreto de Necesidad y Urgencia (DNU) 340\/2025, mediante el cual el Gobierno de Javier Milei <strong>limit\u00f3 el derecho a huelga<\/strong> al ampliar la cantidad de actividades consideradas esenciales.<\/p>\n\n\n\n<blockquote class=\"wp-block-quote is-layout-flow wp-block-quote-is-layout-flow\">\n<p>\u201cEste decreto destroza la posibilidad de que los trabajadores puedan llevar adelante un reclamo\u201d, afirm\u00f3 el dirigente sindical este jueves en declaraciones al programa <em>Sin Corbata<\/em>, emitido por <strong>Splendid AM990<\/strong>. Adem\u00e1s, asegur\u00f3 que el gobierno <strong>\u201cdemoniza la protesta\u201d<\/strong> y llam\u00f3 a manifestarse en las calles.<\/p>\n<\/blockquote>\n\n\n\n<h3 class=\"wp-block-heading\">\u201cEsto no se resuelve en Tribunales\u201d<\/h3>\n\n\n\n<p>Catalano remarc\u00f3 que la v\u00eda judicial no alcanza para frenar este tipo de medidas:<\/p>\n\n\n\n<blockquote class=\"wp-block-quote is-layout-flow wp-block-quote-is-layout-flow\">\n<p>\u201cHay que ir a la Plaza de Mayo, hay que reclamar donde hay que reclamar, porque esto no se resuelve en los despachos de Tribunales\u201d, sostuvo.<\/p>\n<\/blockquote>\n\n\n\n<p>El referente de ATE tambi\u00e9n expres\u00f3 su indignaci\u00f3n por la represi\u00f3n a jubilados durante protestas en las inmediaciones del Congreso:<\/p>\n\n\n\n<blockquote class=\"wp-block-quote is-layout-flow wp-block-quote-is-layout-flow\">\n<p>\u201cNo podemos naturalizar que caguen a palos a los jubilados todos los mi\u00e9rcoles\u201d, declar\u00f3.<\/p>\n<\/blockquote>\n\n\n\n<h3 class=\"wp-block-heading\">\u201cMilei gobierna con una l\u00f3gica mon\u00e1rquica\u201d<\/h3>\n\n\n\n<p>El secretario general del sindicato estatal redobl\u00f3 las cr\u00edticas al presidente y apunt\u00f3 contra la acumulaci\u00f3n de poder por medio de decretos:<\/p>\n\n\n\n<blockquote class=\"wp-block-quote is-layout-flow wp-block-quote-is-layout-flow\">\n<p>\u201cTenemos que encontrar la forma de ponerle un freno a la condici\u00f3n mon\u00e1rquica de Milei\u201d.<\/p>\n<\/blockquote>\n\n\n\n<p>En ese marco, <strong>Catalano sum\u00f3 otras demandas del movimiento sindical<\/strong>, como la <strong>convocatoria a una paritaria nacional docente<\/strong> y la <strong>devoluci\u00f3n de los fondos de coparticipaci\u00f3n<\/strong> a las provincias.<\/p>\n","protected":false},"excerpt":{"rendered":"<p>El secretario general de la Asociaci\u00f3n de Trabajadores del Estado (ATE), Daniel Catalano, critic\u00f3 duramente el Decreto de Necesidad y Urgencia (DNU) 340\/2025, mediante el cual el Gobierno de Javier Milei limit\u00f3 el derecho a huelga al ampliar la cantidad de actividades consideradas esenciales. \u201cEste decreto destroza la posibilidad de que los trabajadores puedan llevar [&hellip;]<\/p>\n","protected":false},"author":2,"featured_media":22621,"comment_status":"closed","ping_status":"open","sticky":false,"template":"","format":"standard","meta":{"footnotes":""},"categories":[8],"tags":[42],"class_list":{"0":"post-22620","1":"post","2":"type-post","3":"status-publish","4":"format-standard","5":"has-post-thumbnail","7":"category-nacionales","8":"tag-featured"},"_links":{"self":[{"href":"https:\/\/zoomproducciones.com.ar\/zoomp\/wp-json\/wp\/v2\/posts\/22620","targetHints":{"allow":["GET"]}}],"collection":[{"href":"https:\/\/zoomproducciones.com.ar\/zoomp\/wp-json\/wp\/v2\/posts"}],"about":[{"href":"https:\/\/zoomproducciones.com.ar\/zoomp\/wp-json\/wp\/v2\/types\/post"}],"author":[{"embeddable":true,"href":"https:\/\/zoomproducciones.com.ar\/zoomp\/wp-json\/wp\/v2\/users\/2"}],"replies":[{"embeddable":true,"href":"https:\/\/zoomproducciones.com.ar\/zoomp\/wp-json\/wp\/v2\/comments?post=22620"}],"version-history":[{"count":1,"href":"https:\/\/zoomproducciones.com.ar\/zoomp\/wp-json\/wp\/v2\/posts\/22620\/revisions"}],"predecessor-version":[{"id":22622,"href":"https:\/\/zoomproducciones.com.ar\/zoomp\/wp-json\/wp\/v2\/posts\/22620\/revisions\/22622"}],"wp:featuredmedia":[{"embeddable":true,"href":"https:\/\/zoomproducciones.com.ar\/zoomp\/wp-json\/wp\/v2\/media\/22621"}],"wp:attachment":[{"href":"https:\/\/zoomproducciones.com.ar\/zoomp\/wp-json\/wp\/v2\/media?parent=22620"}],"wp:term":[{"taxonomy":"category","embeddable":true,"href":"https:\/\/zoomproducciones.com.ar\/zoomp\/wp-json\/wp\/v2\/categories?post=22620"},{"taxonomy":"post_tag","embeddable":true,"href":"https:\/\/zoomproducciones.com.ar\/zoomp\/wp-json\/wp\/v2\/tags?post=22620"}],"curies":[{"name":"wp","href":"https:\/\/api.w.org\/{rel}","templated":true}]}}