{"id":22619,"date":"2025-05-22T08:22:57","date_gmt":"2025-05-22T11:22:57","guid":{"rendered":"https:\/\/zoomproducciones.com.ar\/zoomp\/?p=22619"},"modified":"2025-05-22T08:22:58","modified_gmt":"2025-05-22T11:22:58","slug":"nuevo-dnu-de-milei-limita-el-derecho-a-huelga-al-ampliar-la-lista-de-actividades-consideradas-esenciales","status":"publish","type":"post","link":"https:\/\/zoomproducciones.com.ar\/zoomp\/nuevo-dnu-de-milei-limita-el-derecho-a-huelga-al-ampliar-la-lista-de-actividades-consideradas-esenciales\/","title":{"rendered":"Nuevo DNU de Milei limita el derecho a huelga al ampliar la lista de actividades consideradas esenciales"},"content":{"rendered":"\n<p>Mediante el Decreto de Necesidad y Urgencia (DNU) 340\/2025, el gobierno de <strong>Javier Milei<\/strong> impuso nuevas restricciones al derecho a huelga, al ampliar el listado de <strong>actividades consideradas esenciales<\/strong>, que deben garantizar un m\u00ednimo de funcionamiento durante conflictos sindicales.<\/p>\n\n\n\n<p>La normativa, publicada este mi\u00e9rcoles en el Bolet\u00edn Oficial, establece que <strong>los servicios esenciales deber\u00e1n mantener al menos un 75% de su funcionamiento habitual<\/strong>, mientras que aquellos catalogados como <strong>\u201cde importancia trascendental\u201d<\/strong> no podr\u00e1n operar por debajo del <strong>50%<\/strong>.<\/p>\n\n\n\n<blockquote class=\"wp-block-quote is-layout-flow wp-block-quote-is-layout-flow\">\n<p>\u201cEn ning\u00fan caso se podr\u00e1 negociar o imponer a las partes una cobertura menor al 75%\u201d, se\u00f1ala el art\u00edculo 3 del decreto respecto a los servicios esenciales. Para las actividades de importancia trascendental, la prestaci\u00f3n m\u00ednima deber\u00e1 ser del 50%.<\/p>\n<\/blockquote>\n\n\n\n<h3 class=\"wp-block-heading\">Ampliaci\u00f3n del concepto de \u00abservicio esencial\u00bb<\/h3>\n\n\n\n<p>Hasta ahora, el concepto de servicios esenciales inclu\u00eda \u00e1reas como la salud hospitalaria, el suministro de agua potable, energ\u00eda el\u00e9ctrica y control a\u00e9reo. Con el nuevo DNU, se incorporan sectores clave como:<\/p>\n\n\n\n<ul class=\"wp-block-list\">\n<li><strong>Transporte y distribuci\u00f3n de medicamentos e insumos hospitalarios<\/strong><\/li>\n\n\n\n<li><strong>Servicios farmac\u00e9uticos<\/strong><\/li>\n\n\n\n<li><strong>Producci\u00f3n y comercializaci\u00f3n de combustibles y energ\u00eda<\/strong><\/li>\n\n\n\n<li><strong>Telecomunicaciones<\/strong>, incluyendo internet y comunicaciones satelitales<\/li>\n\n\n\n<li><strong>Servicios aduaneros y migratorios<\/strong><\/li>\n\n\n\n<li><strong>Educaci\u00f3n<\/strong> en niveles inicial, primario, secundario y educaci\u00f3n especial<\/li>\n\n\n\n<li><strong>Transporte mar\u00edtimo y fluvial<\/strong>, y todas las operaciones portuarias (dragado, remolque, balizamiento, etc.)<\/li>\n<\/ul>\n\n\n\n<p>Tambi\u00e9n se extiende a <strong>actividades vinculadas al comercio exterior<\/strong> y a <strong>guarder\u00edas y cuidado de menores<\/strong>, lo que genera un impacto transversal sobre el derecho a huelga en m\u00faltiples sectores laborales.<\/p>\n\n\n\n<h3 class=\"wp-block-heading\">Repercusiones y rechazo sindical<\/h3>\n\n\n\n<p>El decreto fue firmado por Milei y su gabinete, incluyendo a <strong>Federico Sturzenegger<\/strong> (Desregulaci\u00f3n del Estado) y a <strong>Sandra Pettovello<\/strong> (Capital Humano), en el marco de un paquete de medidas que busca profundizar la desregulaci\u00f3n estatal.<\/p>\n\n\n\n<p>Uno de los primeros en pronunciarse fue el secretario general de la CTA Aut\u00f3noma, <strong>Hugo \u201cCachorro\u201d Godoy<\/strong>, quien expres\u00f3 su rechazo:<\/p>\n\n\n\n<blockquote class=\"wp-block-quote is-layout-flow wp-block-quote-is-layout-flow\">\n<p>\u201cEsta nueva ofensiva autoritaria representa un ataque directo a derechos consagrados en la Constituci\u00f3n. No lo vamos a permitir\u201d, escribi\u00f3 en X (antes Twitter).<\/p>\n<\/blockquote>\n\n\n\n<p>Godoy tambi\u00e9n record\u00f3 que el DNU 70\/2023 \u2014donde el gobierno ya hab\u00eda intentado avanzar con reformas similares\u2014 <strong>fue declarado inconstitucional por la C\u00e1mara Nacional de Apelaciones del Trabajo en dos instancias<\/strong>, lo que podr\u00eda anticipar nuevos desaf\u00edos judiciales para esta norma.<\/p>\n","protected":false},"excerpt":{"rendered":"<p>Mediante el Decreto de Necesidad y Urgencia (DNU) 340\/2025, el gobierno de Javier Milei impuso nuevas restricciones al derecho a huelga, al ampliar el listado de actividades consideradas esenciales, que deben garantizar un m\u00ednimo de funcionamiento durante conflictos sindicales. La normativa, publicada este mi\u00e9rcoles en el Bolet\u00edn Oficial, establece que los servicios esenciales deber\u00e1n mantener [&hellip;]<\/p>\n","protected":false},"author":2,"featured_media":22524,"comment_status":"closed","ping_status":"open","sticky":false,"template":"","format":"standard","meta":{"footnotes":""},"categories":[8],"tags":[42],"class_list":{"0":"post-22619","1":"post","2":"type-post","3":"status-publish","4":"format-standard","5":"has-post-thumbnail","7":"category-nacionales","8":"tag-featured"},"_links":{"self":[{"href":"https:\/\/zoomproducciones.com.ar\/zoomp\/wp-json\/wp\/v2\/posts\/22619","targetHints":{"allow":["GET"]}}],"collection":[{"href":"https:\/\/zoomproducciones.com.ar\/zoomp\/wp-json\/wp\/v2\/posts"}],"about":[{"href":"https:\/\/zoomproducciones.com.ar\/zoomp\/wp-json\/wp\/v2\/types\/post"}],"author":[{"embeddable":true,"href":"https:\/\/zoomproducciones.com.ar\/zoomp\/wp-json\/wp\/v2\/users\/2"}],"replies":[{"embeddable":true,"href":"https:\/\/zoomproducciones.com.ar\/zoomp\/wp-json\/wp\/v2\/comments?post=22619"}],"version-history":[{"count":1,"href":"https:\/\/zoomproducciones.com.ar\/zoomp\/wp-json\/wp\/v2\/posts\/22619\/revisions"}],"predecessor-version":[{"id":22623,"href":"https:\/\/zoomproducciones.com.ar\/zoomp\/wp-json\/wp\/v2\/posts\/22619\/revisions\/22623"}],"wp:featuredmedia":[{"embeddable":true,"href":"https:\/\/zoomproducciones.com.ar\/zoomp\/wp-json\/wp\/v2\/media\/22524"}],"wp:attachment":[{"href":"https:\/\/zoomproducciones.com.ar\/zoomp\/wp-json\/wp\/v2\/media?parent=22619"}],"wp:term":[{"taxonomy":"category","embeddable":true,"href":"https:\/\/zoomproducciones.com.ar\/zoomp\/wp-json\/wp\/v2\/categories?post=22619"},{"taxonomy":"post_tag","embeddable":true,"href":"https:\/\/zoomproducciones.com.ar\/zoomp\/wp-json\/wp\/v2\/tags?post=22619"}],"curies":[{"name":"wp","href":"https:\/\/api.w.org\/{rel}","templated":true}]}}