{"id":22616,"date":"2025-05-22T08:15:34","date_gmt":"2025-05-22T11:15:34","guid":{"rendered":"https:\/\/zoomproducciones.com.ar\/zoomp\/?p=22616"},"modified":"2025-05-22T08:15:35","modified_gmt":"2025-05-22T11:15:35","slug":"indignacion-en-goya-liberan-al-acusado-de-violar-a-una-perra-aunque-debera-mantenerse-alejado-de-la-victima-no-humana","status":"publish","type":"post","link":"https:\/\/zoomproducciones.com.ar\/zoomp\/indignacion-en-goya-liberan-al-acusado-de-violar-a-una-perra-aunque-debera-mantenerse-alejado-de-la-victima-no-humana\/","title":{"rendered":"Indignaci\u00f3n en Goya: liberan al acusado de violar a una perra, aunque deber\u00e1 mantenerse alejado de la v\u00edctima \u201cno humana\u201d"},"content":{"rendered":"\n<p>El hombre acusado de abusar sexualmente de una perra en Goya fue liberado, aunque continuar\u00e1 vinculado a la causa. La Justicia le impuso una orden de restricci\u00f3n que le proh\u00edbe acercarse a la familia denunciante y a la perra agredida, llamada <strong>Zulaica<\/strong>, a quien el Ministerio P\u00fablico Fiscal defini\u00f3 jur\u00eddicamente como una <strong>\u00abpersona no humana\u00bb<\/strong>, en un fallo que sienta un precedente en la protecci\u00f3n legal de los animales.<\/p>\n\n\n\n<p>El caso, que conmocion\u00f3 a la comunidad, gener\u00f3 <strong>indignaci\u00f3n entre los vecinos<\/strong>, que esperaban que el imputado, identificado como <strong>M.D.R.<\/strong>, permaneciera detenido por el grave hecho de <strong>zoofilia y maltrato animal<\/strong>.<\/p>\n\n\n\n<h3 class=\"wp-block-heading\">La decisi\u00f3n judicial<\/h3>\n\n\n\n<p>El fiscal de Investigaci\u00f3n Rural y Ambiental de Goya, <strong>Jos\u00e9 Omar Caser\u00e9<\/strong>, solicit\u00f3 al juez de Garant\u00edas, <strong>Lucio L\u00f3pez Lecube<\/strong>, la prohibici\u00f3n de acercamiento, tanto por el <strong>riesgo de entorpecimiento de la investigaci\u00f3n<\/strong> como por el <strong>temor expresado por la due\u00f1a de Zulaica<\/strong>, vecina del barrio Nuevo Devoto.<\/p>\n\n\n\n<p>La mujer declar\u00f3 ante la fiscal\u00eda estar <strong>angustiada y con miedo<\/strong>, tanto por su seguridad como por la de su familia y su perra, v\u00edctima de actos de extrema crueldad. Adem\u00e1s, denunci\u00f3 que el acusado es una persona violenta y que en el pasado habr\u00eda intentado <strong>incendiar viviendas de vecinos<\/strong>.<\/p>\n\n\n\n<h3 class=\"wp-block-heading\">Zulaica, reconocida como \u00abpersona no humana\u00bb<\/h3>\n\n\n\n<p>En un aspecto innovador del fallo, el fiscal Caser\u00e9 solicit\u00f3 que la medida de restricci\u00f3n incluyera tambi\u00e9n a la perra Zulaica, a quien defini\u00f3 como una <strong>\u201cpersona no humana\u201d<\/strong>, fundamentando que fue v\u00edctima de violencia con consecuencias graves, incluso potencialmente letales.<\/p>\n\n\n\n<p>\u201cEl objetivo es <strong>evitar toda exposici\u00f3n a la violencia durante el proceso<\/strong>\u201d, argument\u00f3 el fiscal, que encuadr\u00f3 el hecho como un caso de <strong>crueldad contra un ser vivo sintiente<\/strong>.<\/p>\n\n\n\n<p>El juez hizo lugar al pedido minutos antes de las 11 de este martes. La resoluci\u00f3n establece la <strong>prohibici\u00f3n de acercamiento a menos de 20 metros<\/strong> respecto de la denunciante, su familia, la perra Zulaica y su domicilio, as\u00ed como tambi\u00e9n los lugares que frecuenten. Tambi\u00e9n se le impuso al imputado la prohibici\u00f3n de <strong>mantener contacto por cualquier v\u00eda directa o indirecta durante 180 d\u00edas<\/strong>.<\/p>\n\n\n\n<h3 class=\"wp-block-heading\">Repercusiones sociales<\/h3>\n\n\n\n<p>La decisi\u00f3n judicial de liberar al acusado, pese a las restricciones, <strong>gener\u00f3 rechazo e indignaci\u00f3n<\/strong> en la comunidad de Goya. Diversos sectores exigieron una respuesta m\u00e1s firme ante un caso que no solo involucra maltrato animal, sino tambi\u00e9n una forma grave de violencia que afecta a la comunidad toda<\/p>\n","protected":false},"excerpt":{"rendered":"<p>El hombre acusado de abusar sexualmente de una perra en Goya fue liberado, aunque continuar\u00e1 vinculado a la causa. La Justicia le impuso una orden de restricci\u00f3n que le proh\u00edbe acercarse a la familia denunciante y a la perra agredida, llamada Zulaica, a quien el Ministerio P\u00fablico Fiscal defini\u00f3 jur\u00eddicamente como una \u00abpersona no humana\u00bb, [&hellip;]<\/p>\n","protected":false},"author":2,"featured_media":22617,"comment_status":"closed","ping_status":"open","sticky":false,"template":"","format":"standard","meta":{"footnotes":""},"categories":[8],"tags":[42],"class_list":{"0":"post-22616","1":"post","2":"type-post","3":"status-publish","4":"format-standard","5":"has-post-thumbnail","7":"category-nacionales","8":"tag-featured"},"_links":{"self":[{"href":"https:\/\/zoomproducciones.com.ar\/zoomp\/wp-json\/wp\/v2\/posts\/22616","targetHints":{"allow":["GET"]}}],"collection":[{"href":"https:\/\/zoomproducciones.com.ar\/zoomp\/wp-json\/wp\/v2\/posts"}],"about":[{"href":"https:\/\/zoomproducciones.com.ar\/zoomp\/wp-json\/wp\/v2\/types\/post"}],"author":[{"embeddable":true,"href":"https:\/\/zoomproducciones.com.ar\/zoomp\/wp-json\/wp\/v2\/users\/2"}],"replies":[{"embeddable":true,"href":"https:\/\/zoomproducciones.com.ar\/zoomp\/wp-json\/wp\/v2\/comments?post=22616"}],"version-history":[{"count":1,"href":"https:\/\/zoomproducciones.com.ar\/zoomp\/wp-json\/wp\/v2\/posts\/22616\/revisions"}],"predecessor-version":[{"id":22618,"href":"https:\/\/zoomproducciones.com.ar\/zoomp\/wp-json\/wp\/v2\/posts\/22616\/revisions\/22618"}],"wp:featuredmedia":[{"embeddable":true,"href":"https:\/\/zoomproducciones.com.ar\/zoomp\/wp-json\/wp\/v2\/media\/22617"}],"wp:attachment":[{"href":"https:\/\/zoomproducciones.com.ar\/zoomp\/wp-json\/wp\/v2\/media?parent=22616"}],"wp:term":[{"taxonomy":"category","embeddable":true,"href":"https:\/\/zoomproducciones.com.ar\/zoomp\/wp-json\/wp\/v2\/categories?post=22616"},{"taxonomy":"post_tag","embeddable":true,"href":"https:\/\/zoomproducciones.com.ar\/zoomp\/wp-json\/wp\/v2\/tags?post=22616"}],"curies":[{"name":"wp","href":"https:\/\/api.w.org\/{rel}","templated":true}]}}