{"id":22607,"date":"2025-05-21T08:02:53","date_gmt":"2025-05-21T11:02:53","guid":{"rendered":"https:\/\/zoomproducciones.com.ar\/zoomp\/?p=22607"},"modified":"2025-05-21T08:41:40","modified_gmt":"2025-05-21T11:41:40","slug":"milei-apunto-contra-macri-por-no-felicitarlo-tras-las-elecciones-portenas-y-defendio-la-campana-de-la-libertad-avanza","status":"publish","type":"post","link":"https:\/\/zoomproducciones.com.ar\/zoomp\/milei-apunto-contra-macri-por-no-felicitarlo-tras-las-elecciones-portenas-y-defendio-la-campana-de-la-libertad-avanza\/","title":{"rendered":"Milei apunt\u00f3 contra Macri por no felicitarlo tras las elecciones porte\u00f1as y defendi\u00f3 la campa\u00f1a de La Libertad Avanza"},"content":{"rendered":"\n<p>El presidente <strong>Javier Milei<\/strong> revel\u00f3 que el exmandatario <strong>Mauricio Macri<\/strong> no lo llam\u00f3 para felicitarlo tras el triunfo de <strong>Manuel Adorni<\/strong>, candidato de <strong>La Libertad Avanza<\/strong>, en las elecciones porte\u00f1as, y dej\u00f3 una frase que gener\u00f3 repercusiones: <em>\u201cSaluda el que pierde, no el que gana\u201d<\/em>.<\/p>\n\n\n\n<p>En una entrevista con <strong>LN+<\/strong>, Milei afirm\u00f3 que, pese al silencio de Macri, el v\u00ednculo entre ambos no est\u00e1 roto y que, si el expresidente lo llama, lo atender\u00e1. \u00abNo siento que el v\u00ednculo est\u00e9 roto. Me parece que saluda el que pierde, no el que gana. Es una cuesti\u00f3n de formas. Tanto me vienen hablando de las formas, bueno\u2026\u00bb, ironiz\u00f3.<\/p>\n\n\n\n<p>Adem\u00e1s, critic\u00f3 al candidato peronista <strong>Leandro Santoro<\/strong>, que a\u00fan no reconoci\u00f3 p\u00fablicamente su derrota, y lanz\u00f3 una chicana: <em>\u00abTiene el CUIL virgen, igual que (Elisa) Carri\u00f3\u00bb<\/em>.<\/p>\n\n\n\n<p>De cara a las elecciones en la provincia de Buenos Aires, Milei asegur\u00f3 que \u00abel violeta es el que le gana al kirchnerismo\u00bb y plante\u00f3 que si La Libertad Avanza y el PRO hubieran ido juntos, la diferencia habr\u00eda sido mayor: <em>\u00abLes ganamos por dos puntos. Si \u00edbamos juntos, les gan\u00e1bamos por m\u00e1s de 10 puntos y yo quiero ganarles as\u00ed\u00bb, sostuvo.<\/em><\/p>\n\n\n\n<p>Tambi\u00e9n apunt\u00f3 directamente contra el jefe de Gobierno porte\u00f1o, <strong>Jorge Macri<\/strong>, a quien acus\u00f3 de cometer <em>\u00abun error letal\u00bb<\/em> al desdoblar las elecciones. \u201cNo puede saturar a la gente\u201d, se\u00f1al\u00f3, y agreg\u00f3 otra cr\u00edtica por la contrataci\u00f3n del asesor pol\u00edtico <strong>Antoni Guti\u00e9rrez-Rub\u00ed<\/strong>, a quien vincul\u00f3 con la estrategia de campa\u00f1a de Sergio Massa: <em>\u00abFue una ofensa. El PRO sigui\u00f3 la misma estrategia que Massa en 2023. Las calumnias, injurias y mentiras fueron las mismas\u00bb, asegur\u00f3.<\/em><\/p>\n\n\n\n<p>Consultado sobre las fake news y el uso de inteligencia artificial en la campa\u00f1a \u2014tras la pol\u00e9mica por un video manipulado de Macri\u2014, Milei respondi\u00f3 con dureza contra los medios: <em>\u00abLa primera generaci\u00f3n de fake news son ustedes, los periodistas. Agarrabas un diario y el 85% eran mentiras.\u00bb<\/em><\/p>\n\n\n\n<p>Tambi\u00e9n defendi\u00f3 el anonimato en redes sociales y se mostr\u00f3 en contra de regularlas: <em>\u201c\u00bfPor tres tipos que hacen tonter\u00edas van a regular a todos? Si un pibe quiere hacer un video falso, hay que salir y mostrar que es falso. No perseguirlo\u201d.<\/em><\/p>\n\n\n\n<p>Finalmente, sobre la <strong>obra p\u00fablica<\/strong>, reiter\u00f3 su postura contraria al rol del Estado en su ejecuci\u00f3n, incluso frente a casos como las inundaciones recientes en Bah\u00eda Blanca y otros puntos del pa\u00eds: <em>\u00abCon el verso de la obra p\u00fablica te estafaron. Nosotros queremos un sistema a la chilena, con incentivos a la suiza, para que los privados la realicen\u00bb.<\/em><\/p>\n","protected":false},"excerpt":{"rendered":"<p>El presidente Javier Milei revel\u00f3 que el exmandatario Mauricio Macri no lo llam\u00f3 para felicitarlo tras el triunfo de Manuel Adorni, candidato de La Libertad Avanza, en las elecciones porte\u00f1as, y dej\u00f3 una frase que gener\u00f3 repercusiones: \u201cSaluda el que pierde, no el que gana\u201d. En una entrevista con LN+, Milei afirm\u00f3 que, pese al [&hellip;]<\/p>\n","protected":false},"author":2,"featured_media":22608,"comment_status":"closed","ping_status":"open","sticky":false,"template":"","format":"standard","meta":{"footnotes":""},"categories":[8],"tags":[511],"class_list":{"0":"post-22607","1":"post","2":"type-post","3":"status-publish","4":"format-standard","5":"has-post-thumbnail","7":"category-nacionales","8":"tag-bloque-2"},"_links":{"self":[{"href":"https:\/\/zoomproducciones.com.ar\/zoomp\/wp-json\/wp\/v2\/posts\/22607","targetHints":{"allow":["GET"]}}],"collection":[{"href":"https:\/\/zoomproducciones.com.ar\/zoomp\/wp-json\/wp\/v2\/posts"}],"about":[{"href":"https:\/\/zoomproducciones.com.ar\/zoomp\/wp-json\/wp\/v2\/types\/post"}],"author":[{"embeddable":true,"href":"https:\/\/zoomproducciones.com.ar\/zoomp\/wp-json\/wp\/v2\/users\/2"}],"replies":[{"embeddable":true,"href":"https:\/\/zoomproducciones.com.ar\/zoomp\/wp-json\/wp\/v2\/comments?post=22607"}],"version-history":[{"count":2,"href":"https:\/\/zoomproducciones.com.ar\/zoomp\/wp-json\/wp\/v2\/posts\/22607\/revisions"}],"predecessor-version":[{"id":22615,"href":"https:\/\/zoomproducciones.com.ar\/zoomp\/wp-json\/wp\/v2\/posts\/22607\/revisions\/22615"}],"wp:featuredmedia":[{"embeddable":true,"href":"https:\/\/zoomproducciones.com.ar\/zoomp\/wp-json\/wp\/v2\/media\/22608"}],"wp:attachment":[{"href":"https:\/\/zoomproducciones.com.ar\/zoomp\/wp-json\/wp\/v2\/media?parent=22607"}],"wp:term":[{"taxonomy":"category","embeddable":true,"href":"https:\/\/zoomproducciones.com.ar\/zoomp\/wp-json\/wp\/v2\/categories?post=22607"},{"taxonomy":"post_tag","embeddable":true,"href":"https:\/\/zoomproducciones.com.ar\/zoomp\/wp-json\/wp\/v2\/tags?post=22607"}],"curies":[{"name":"wp","href":"https:\/\/api.w.org\/{rel}","templated":true}]}}