{"id":22600,"date":"2025-05-21T07:53:41","date_gmt":"2025-05-21T10:53:41","guid":{"rendered":"https:\/\/zoomproducciones.com.ar\/zoomp\/?p=22600"},"modified":"2025-05-21T07:53:42","modified_gmt":"2025-05-21T10:53:42","slug":"continua-la-intensa-busqueda-de-sebastian-suarez-joven-desaparecido-en-paso-de-los-libres-desde-febrero","status":"publish","type":"post","link":"https:\/\/zoomproducciones.com.ar\/zoomp\/continua-la-intensa-busqueda-de-sebastian-suarez-joven-desaparecido-en-paso-de-los-libres-desde-febrero\/","title":{"rendered":"Contin\u00faa la intensa b\u00fasqueda de Sebasti\u00e1n Su\u00e1rez, joven desaparecido en Paso de los Libres desde febrero"},"content":{"rendered":"\n<p>La Polic\u00eda de Corrientes inform\u00f3 este martes que contin\u00faa con la b\u00fasqueda de <strong>Diego Sebasti\u00e1n Su\u00e1rez<\/strong>, el joven de <strong>21 a\u00f1os<\/strong> oriundo de la localidad de <strong>Paso de los Libres<\/strong>, cuyo paradero se desconoce desde el <strong>15 de febrero de 2025<\/strong>.<\/p>\n\n\n\n<p>Desde el momento en que se tom\u00f3 conocimiento de su desaparici\u00f3n, las fuerzas de seguridad provinciales se abocaron a un amplio operativo de b\u00fasqueda que incluye distintas hip\u00f3tesis investigativas. Sin embargo, hasta la fecha no se registraron avances significativos sobre su paradero.<\/p>\n\n\n\n<p>Seg\u00fan detalla el comunicado oficial, las tareas de rastrillaje se realizan por <strong>tierra, agua y aire<\/strong>, e involucran a personal especializado de distintas \u00e1reas de la Polic\u00eda de Corrientes, as\u00ed como a <strong>fuerzas nacionales<\/strong> que prestan colaboraci\u00f3n. Se utilizan <strong>herramientas tecnol\u00f3gicas de \u00faltima generaci\u00f3n<\/strong> y <strong>equipos especiales de b\u00fasqueda<\/strong>, focalizando especialmente en zonas ribere\u00f1as del <strong>r\u00edo Uruguay<\/strong> y \u00e1reas aleda\u00f1as.<\/p>\n\n\n\n<p>Las autoridades resaltaron que la investigaci\u00f3n contin\u00faa activa y solicitan la <strong>colaboraci\u00f3n de la comunidad y de los medios de comunicaci\u00f3n<\/strong> para difundir la b\u00fasqueda. En particular, se insta a cualquier persona que pueda aportar <strong>datos certeros o informaci\u00f3n relevante<\/strong> a comunicarse con el <strong>Sistema Integral de Seguridad 911<\/strong>, con el n\u00famero gratuito <strong>101<\/strong> en el interior, o con la <strong>dependencia policial m\u00e1s cercana<\/strong>.<\/p>\n\n\n\n<p>La familia y las fuerzas de seguridad mantienen la esperanza de dar con el paradero de Diego y apelan a la solidaridad de la poblaci\u00f3n para lograr avances en la causa.<\/p>\n","protected":false},"excerpt":{"rendered":"<p>La Polic\u00eda de Corrientes inform\u00f3 este martes que contin\u00faa con la b\u00fasqueda de Diego Sebasti\u00e1n Su\u00e1rez, el joven de 21 a\u00f1os oriundo de la localidad de Paso de los Libres, cuyo paradero se desconoce desde el 15 de febrero de 2025. Desde el momento en que se tom\u00f3 conocimiento de su desaparici\u00f3n, las fuerzas de [&hellip;]<\/p>\n","protected":false},"author":2,"featured_media":22601,"comment_status":"closed","ping_status":"open","sticky":false,"template":"","format":"standard","meta":{"footnotes":""},"categories":[5],"tags":[42],"class_list":{"0":"post-22600","1":"post","2":"type-post","3":"status-publish","4":"format-standard","5":"has-post-thumbnail","7":"category-locales","8":"tag-featured"},"_links":{"self":[{"href":"https:\/\/zoomproducciones.com.ar\/zoomp\/wp-json\/wp\/v2\/posts\/22600","targetHints":{"allow":["GET"]}}],"collection":[{"href":"https:\/\/zoomproducciones.com.ar\/zoomp\/wp-json\/wp\/v2\/posts"}],"about":[{"href":"https:\/\/zoomproducciones.com.ar\/zoomp\/wp-json\/wp\/v2\/types\/post"}],"author":[{"embeddable":true,"href":"https:\/\/zoomproducciones.com.ar\/zoomp\/wp-json\/wp\/v2\/users\/2"}],"replies":[{"embeddable":true,"href":"https:\/\/zoomproducciones.com.ar\/zoomp\/wp-json\/wp\/v2\/comments?post=22600"}],"version-history":[{"count":1,"href":"https:\/\/zoomproducciones.com.ar\/zoomp\/wp-json\/wp\/v2\/posts\/22600\/revisions"}],"predecessor-version":[{"id":22602,"href":"https:\/\/zoomproducciones.com.ar\/zoomp\/wp-json\/wp\/v2\/posts\/22600\/revisions\/22602"}],"wp:featuredmedia":[{"embeddable":true,"href":"https:\/\/zoomproducciones.com.ar\/zoomp\/wp-json\/wp\/v2\/media\/22601"}],"wp:attachment":[{"href":"https:\/\/zoomproducciones.com.ar\/zoomp\/wp-json\/wp\/v2\/media?parent=22600"}],"wp:term":[{"taxonomy":"category","embeddable":true,"href":"https:\/\/zoomproducciones.com.ar\/zoomp\/wp-json\/wp\/v2\/categories?post=22600"},{"taxonomy":"post_tag","embeddable":true,"href":"https:\/\/zoomproducciones.com.ar\/zoomp\/wp-json\/wp\/v2\/tags?post=22600"}],"curies":[{"name":"wp","href":"https:\/\/api.w.org\/{rel}","templated":true}]}}