{"id":22591,"date":"2025-05-20T07:10:19","date_gmt":"2025-05-20T10:10:19","guid":{"rendered":"https:\/\/zoomproducciones.com.ar\/zoomp\/?p=22591"},"modified":"2025-05-20T07:10:19","modified_gmt":"2025-05-20T10:10:19","slug":"el-pj-convoca-a-un-congreso-virtual-tras-derrotas-electorales-y-con-ausencias-clave","status":"publish","type":"post","link":"https:\/\/zoomproducciones.com.ar\/zoomp\/el-pj-convoca-a-un-congreso-virtual-tras-derrotas-electorales-y-con-ausencias-clave\/","title":{"rendered":"El PJ convoca a un congreso virtual tras derrotas electorales y con ausencias clave"},"content":{"rendered":"\n<p>El <strong>Partido Justicialista (PJ)<\/strong> realizar\u00e1 este <strong>martes un congreso partidario virtual<\/strong> para reunir a sus distintos sectores internos, en un contexto de creciente preocupaci\u00f3n por los <strong>reveses electorales<\/strong> sufridos en <strong>Salta, Jujuy, San Luis y Chaco<\/strong>, as\u00ed como por la derrota del frente encabezado por <strong>Leandro Santoro<\/strong> en la Ciudad de Buenos Aires, donde se impuso el libertario <strong>Manuel Adorni<\/strong>.<\/p>\n\n\n\n<p>La convocatoria fue impulsada por el presidente del congreso partidario, el gobernador de <strong>Formosa, Gildo Insfr\u00e1n<\/strong>, quien cit\u00f3 a los distintos sectores del justicialismo a partir de las <strong>17 horas<\/strong> a trav\u00e9s de la plataforma <strong>Zoom<\/strong>, seg\u00fan confirmaron fuentes partidarias a la Agencia Noticias Argentinas.<\/p>\n\n\n\n<p>Entre los temas incluidos en el orden del d\u00eda se encuentran:<\/p>\n\n\n\n<ul class=\"wp-block-list\">\n<li>Conformaci\u00f3n de la comisi\u00f3n de poderes.<\/li>\n\n\n\n<li>Aprobaci\u00f3n de los estados contables del ejercicio 2024.<\/li>\n\n\n\n<li>Intervenci\u00f3n del PJ en los distritos de <strong>Jujuy, Salta y Misiones<\/strong>.<\/li>\n\n\n\n<li>Informe sobre la normalizaci\u00f3n del PJ en el distrito <strong>Corrientes<\/strong>.<\/li>\n<\/ul>\n\n\n\n<h3 class=\"wp-block-heading\">Ausencias que marcan tensiones internas<\/h3>\n\n\n\n<p>Pese a su rol como jefa pol\u00edtica del espacio, <strong>Cristina Fern\u00e1ndez de Kirchner<\/strong> <strong>no participar\u00e1<\/strong> del encuentro. Tampoco lo har\u00e1 el gobernador de <strong>La Pampa, Sergio Ziliotto<\/strong>, mientras que la asistencia de otros mandatarios provinciales como <strong>Axel Kicillof<\/strong> (Buenos Aires), <strong>Ricardo Quintela<\/strong> (La Rioja), <strong>Ra\u00fal Jalil<\/strong> (Catamarca) y <strong>Osvaldo Jaldo<\/strong> (Tucum\u00e1n) segu\u00eda siendo incierta hasta \u00faltima hora.<\/p>\n\n\n\n<p>En medio de la fragmentaci\u00f3n interna, <strong>el PJ enfrenta el desaf\u00edo de unificar una estrategia electoral<\/strong> con vistas a recuperar protagonismo frente al avance del oficialismo libertario, encabezado por el presidente <strong>Javier Milei<\/strong>. Las diferencias entre los distintos sectores del peronismo siguen dificultando la construcci\u00f3n de una propuesta pol\u00edtica unificada de cara al futuro.<\/p>\n","protected":false},"excerpt":{"rendered":"<p>El Partido Justicialista (PJ) realizar\u00e1 este martes un congreso partidario virtual para reunir a sus distintos sectores internos, en un contexto de creciente preocupaci\u00f3n por los reveses electorales sufridos en Salta, Jujuy, San Luis y Chaco, as\u00ed como por la derrota del frente encabezado por Leandro Santoro en la Ciudad de Buenos Aires, donde se [&hellip;]<\/p>\n","protected":false},"author":2,"featured_media":22592,"comment_status":"closed","ping_status":"open","sticky":false,"template":"","format":"standard","meta":{"footnotes":""},"categories":[8],"tags":[511],"class_list":{"0":"post-22591","1":"post","2":"type-post","3":"status-publish","4":"format-standard","5":"has-post-thumbnail","7":"category-nacionales","8":"tag-bloque-2"},"_links":{"self":[{"href":"https:\/\/zoomproducciones.com.ar\/zoomp\/wp-json\/wp\/v2\/posts\/22591","targetHints":{"allow":["GET"]}}],"collection":[{"href":"https:\/\/zoomproducciones.com.ar\/zoomp\/wp-json\/wp\/v2\/posts"}],"about":[{"href":"https:\/\/zoomproducciones.com.ar\/zoomp\/wp-json\/wp\/v2\/types\/post"}],"author":[{"embeddable":true,"href":"https:\/\/zoomproducciones.com.ar\/zoomp\/wp-json\/wp\/v2\/users\/2"}],"replies":[{"embeddable":true,"href":"https:\/\/zoomproducciones.com.ar\/zoomp\/wp-json\/wp\/v2\/comments?post=22591"}],"version-history":[{"count":1,"href":"https:\/\/zoomproducciones.com.ar\/zoomp\/wp-json\/wp\/v2\/posts\/22591\/revisions"}],"predecessor-version":[{"id":22593,"href":"https:\/\/zoomproducciones.com.ar\/zoomp\/wp-json\/wp\/v2\/posts\/22591\/revisions\/22593"}],"wp:featuredmedia":[{"embeddable":true,"href":"https:\/\/zoomproducciones.com.ar\/zoomp\/wp-json\/wp\/v2\/media\/22592"}],"wp:attachment":[{"href":"https:\/\/zoomproducciones.com.ar\/zoomp\/wp-json\/wp\/v2\/media?parent=22591"}],"wp:term":[{"taxonomy":"category","embeddable":true,"href":"https:\/\/zoomproducciones.com.ar\/zoomp\/wp-json\/wp\/v2\/categories?post=22591"},{"taxonomy":"post_tag","embeddable":true,"href":"https:\/\/zoomproducciones.com.ar\/zoomp\/wp-json\/wp\/v2\/tags?post=22591"}],"curies":[{"name":"wp","href":"https:\/\/api.w.org\/{rel}","templated":true}]}}