{"id":22586,"date":"2025-05-20T07:00:17","date_gmt":"2025-05-20T10:00:17","guid":{"rendered":"https:\/\/zoomproducciones.com.ar\/zoomp\/?p=22586"},"modified":"2025-05-20T07:00:18","modified_gmt":"2025-05-20T10:00:18","slug":"valdes-hablo-sobre-aumento-salarial-coparticipacion-y-elecciones-estamos-mirando-los-numeros-y-creo-que-tenemos-posibilidades","status":"publish","type":"post","link":"https:\/\/zoomproducciones.com.ar\/zoomp\/valdes-hablo-sobre-aumento-salarial-coparticipacion-y-elecciones-estamos-mirando-los-numeros-y-creo-que-tenemos-posibilidades\/","title":{"rendered":"Vald\u00e9s habl\u00f3 sobre aumento salarial, coparticipaci\u00f3n y elecciones: \u201cEstamos mirando los n\u00fameros y creo que tenemos posibilidades\u201d"},"content":{"rendered":"\n<p>El gobernador de Corrientes, <strong>Gustavo Vald\u00e9s<\/strong>, se refiri\u00f3 este lunes a diversos temas de la agenda provincial, entre ellos un posible <strong>aumento salarial<\/strong> para trabajadores estatales, el estado de la <strong>coparticipaci\u00f3n federal<\/strong> y el calendario <strong>electoral<\/strong>. Lo hizo durante un acto en el Sal\u00f3n Amarillo de Casa de Gobierno, donde entreg\u00f3 <strong>subsidios a m\u00e1s de 20 bibliotecas populares<\/strong>.<\/p>\n\n\n\n<p>Consultado por la prensa sobre la situaci\u00f3n salarial, Vald\u00e9s reconoci\u00f3 que <strong>\u201cel a\u00f1o pasado vimos un baj\u00f3n de un 11%\u201d<\/strong> en los ingresos de los empleados provinciales, pero se\u00f1al\u00f3 que este mes \u201c<strong>estamos mirando los n\u00fameros y creo que tenemos posibilidades<\/strong>\u201d de mejorar las condiciones.<\/p>\n\n\n\n<p>Respecto a los <strong>retrasos en el env\u00edo de fondos de coparticipaci\u00f3n<\/strong>, el mandatario explic\u00f3 que esto se debe a <strong>\u201cun cambio en los vencimientos de los impuestos\u201d<\/strong>, lo cual provoca que <strong>las empresas retengan m\u00e1s tiempo el dinero antes de su liquidaci\u00f3n<\/strong>.<\/p>\n\n\n\n<p>A pesar de estas demoras, Vald\u00e9s llev\u00f3 tranquilidad al afirmar que <strong>\u201cva a ingresar todo lo que ten\u00edamos planificado presupuestariamente, no en los meses que ingresaban, pero no van a haber inconvenientes a lo largo del a\u00f1o\u201d<\/strong>.<\/p>\n\n\n\n<p>En cuanto al panorama electoral, el gobernador radical asegur\u00f3 que est\u00e1 trabajando con su partido para organizar la estrategia. \u201cCon el bloque radical estamos preparando reuniones del comit\u00e9 central para tomar decisiones y formar la marcha del partido\u201d, indic\u00f3.<\/p>\n\n\n\n<p>Y fue categ\u00f3rico sobre qui\u00e9n define la fecha de los comicios: <strong>\u201cLa decisi\u00f3n de una fecha para las elecciones no es decisi\u00f3n de un partido pol\u00edtico, sino del gobernador\u201d<\/strong>.<\/p>\n","protected":false},"excerpt":{"rendered":"<p>El gobernador de Corrientes, Gustavo Vald\u00e9s, se refiri\u00f3 este lunes a diversos temas de la agenda provincial, entre ellos un posible aumento salarial para trabajadores estatales, el estado de la coparticipaci\u00f3n federal y el calendario electoral. Lo hizo durante un acto en el Sal\u00f3n Amarillo de Casa de Gobierno, donde entreg\u00f3 subsidios a m\u00e1s de [&hellip;]<\/p>\n","protected":false},"author":2,"featured_media":17628,"comment_status":"closed","ping_status":"open","sticky":false,"template":"","format":"standard","meta":{"footnotes":""},"categories":[3],"tags":[511],"class_list":{"0":"post-22586","1":"post","2":"type-post","3":"status-publish","4":"format-standard","5":"has-post-thumbnail","7":"category-provinciales","8":"tag-bloque-2"},"_links":{"self":[{"href":"https:\/\/zoomproducciones.com.ar\/zoomp\/wp-json\/wp\/v2\/posts\/22586","targetHints":{"allow":["GET"]}}],"collection":[{"href":"https:\/\/zoomproducciones.com.ar\/zoomp\/wp-json\/wp\/v2\/posts"}],"about":[{"href":"https:\/\/zoomproducciones.com.ar\/zoomp\/wp-json\/wp\/v2\/types\/post"}],"author":[{"embeddable":true,"href":"https:\/\/zoomproducciones.com.ar\/zoomp\/wp-json\/wp\/v2\/users\/2"}],"replies":[{"embeddable":true,"href":"https:\/\/zoomproducciones.com.ar\/zoomp\/wp-json\/wp\/v2\/comments?post=22586"}],"version-history":[{"count":1,"href":"https:\/\/zoomproducciones.com.ar\/zoomp\/wp-json\/wp\/v2\/posts\/22586\/revisions"}],"predecessor-version":[{"id":22587,"href":"https:\/\/zoomproducciones.com.ar\/zoomp\/wp-json\/wp\/v2\/posts\/22586\/revisions\/22587"}],"wp:featuredmedia":[{"embeddable":true,"href":"https:\/\/zoomproducciones.com.ar\/zoomp\/wp-json\/wp\/v2\/media\/17628"}],"wp:attachment":[{"href":"https:\/\/zoomproducciones.com.ar\/zoomp\/wp-json\/wp\/v2\/media?parent=22586"}],"wp:term":[{"taxonomy":"category","embeddable":true,"href":"https:\/\/zoomproducciones.com.ar\/zoomp\/wp-json\/wp\/v2\/categories?post=22586"},{"taxonomy":"post_tag","embeddable":true,"href":"https:\/\/zoomproducciones.com.ar\/zoomp\/wp-json\/wp\/v2\/tags?post=22586"}],"curies":[{"name":"wp","href":"https:\/\/api.w.org\/{rel}","templated":true}]}}