{"id":22584,"date":"2025-05-20T06:57:33","date_gmt":"2025-05-20T09:57:33","guid":{"rendered":"https:\/\/zoomproducciones.com.ar\/zoomp\/?p=22584"},"modified":"2025-05-20T06:57:34","modified_gmt":"2025-05-20T09:57:34","slug":"curuzu-cuatia-declararon-culpable-a-aldana-munoz-por-el-homicidio-de-sus-dos-hijos-aunque-se-reconocio-su-alteracion-mental","status":"publish","type":"post","link":"https:\/\/zoomproducciones.com.ar\/zoomp\/curuzu-cuatia-declararon-culpable-a-aldana-munoz-por-el-homicidio-de-sus-dos-hijos-aunque-se-reconocio-su-alteracion-mental\/","title":{"rendered":"Curuz\u00fa Cuati\u00e1: declararon culpable a Aldana Mu\u00f1oz por el homicidio de sus dos hijos, aunque se reconoci\u00f3 su alteraci\u00f3n mental"},"content":{"rendered":"\n<p>El Tribunal de Juicio de Mercedes declar\u00f3 este lunes la responsabilidad penal de <strong>Aldana Mu\u00f1oz<\/strong> por el homicidio de sus hijos Dylan y Sof\u00eda, de 8 y 5 a\u00f1os, ocurrido el 15 de noviembre de 2023 en Curuz\u00fa Cuati\u00e1. La mujer fue hallada culpable de <strong>homicidio calificado por el v\u00ednculo, con circunstancias extraordinarias de atenuaci\u00f3n<\/strong>, en concurso real por dos hechos. La pena se definir\u00e1 en una audiencia de cesura el pr\u00f3ximo <strong>jueves 22 de mayo<\/strong>.<\/p>\n\n\n\n<p>El tribunal estuvo integrado por los jueces <strong>Jorge Alberto Troncoso<\/strong> (presidente), <strong>Juan Manuel Ignacio Muschietti<\/strong> y <strong>Ram\u00f3n Alberto R\u00edos<\/strong>.<\/p>\n\n\n\n<h4 class=\"wp-block-heading\">El hecho<\/h4>\n\n\n\n<p>Seg\u00fan se acredit\u00f3 en el juicio, Mu\u00f1oz apu\u00f1al\u00f3 a sus hijos mientras dorm\u00edan en su vivienda del barrio Santa Rosa. Las heridas en el cuello provocaron un shock hipovol\u00e9mico y paro cardiorrespiratorio, causando la muerte de ambos menores.<\/p>\n\n\n\n<h4 class=\"wp-block-heading\">Qu\u00e9 dijo el Tribunal<\/h4>\n\n\n\n<p>Durante la lectura del veredicto, el presidente del Tribunal explic\u00f3 que la defensa no discuti\u00f3 la autor\u00eda del hecho, por lo que el debate gir\u00f3 en torno a la <strong>imputabilidad penal<\/strong> de la acusada.<\/p>\n\n\n\n<p>El Tribunal determin\u00f3 que Mu\u00f1oz padec\u00eda un <strong>trastorno mental transitorio incompleto<\/strong> al momento del hecho. Esta condici\u00f3n no anula su capacidad de comprender o dirigir sus acciones, pero s\u00ed la reduce, lo que permite aplicar la <strong>circunstancia extraordinaria de atenuaci\u00f3n<\/strong> contemplada en el \u00faltimo p\u00e1rrafo del art\u00edculo 80 del C\u00f3digo Penal.<\/p>\n\n\n\n<p>La decisi\u00f3n se ubic\u00f3 entre las posiciones contrapuestas del juicio: por un lado, el Ministerio P\u00fablico Fiscal solicit\u00f3 una condena por homicidio calificado sin atenuantes; por el otro, la defensa hab\u00eda planteado la inimputabilidad de Mu\u00f1oz.<\/p>\n\n\n\n<h4 class=\"wp-block-heading\">Elementos ps\u00edquicos y contexto de violencia de g\u00e9nero<\/h4>\n\n\n\n<p>Los jueces tambi\u00e9n tomaron en cuenta pericias y testimonios que describieron una <strong>crisis emocional severa<\/strong>, con indicios de <strong>violencia de g\u00e9nero en su relaci\u00f3n de pareja<\/strong> y pensamientos autodestructivos por parte de la acusada.<\/p>\n\n\n\n<p>Los peritos que intervinieron en el caso, como el psic\u00f3logo Maldonado y la psiquiatra Villar, consideraron que se trat\u00f3 de un <strong>\u00abhomicidio altruista\u00bb<\/strong> \u2014una figura donde el agresor, inmerso en una distorsi\u00f3n emocional extrema, cree que est\u00e1 actuando para \u00abproteger\u00bb a los hijos en un contexto desesperante\u2014.<\/p>\n\n\n\n<p>El fallo tambi\u00e9n cuestion\u00f3 que la Fiscal\u00eda no haya ordenado una <strong>pericia psiqui\u00e1trica inmediata<\/strong>, lo que habr\u00eda permitido una evaluaci\u00f3n m\u00e1s precisa del estado mental de Mu\u00f1oz en los d\u00edas posteriores al hecho.<\/p>\n\n\n\n<p>Fuente: Confirmado.com <\/p>\n","protected":false},"excerpt":{"rendered":"<p>El Tribunal de Juicio de Mercedes declar\u00f3 este lunes la responsabilidad penal de Aldana Mu\u00f1oz por el homicidio de sus hijos Dylan y Sof\u00eda, de 8 y 5 a\u00f1os, ocurrido el 15 de noviembre de 2023 en Curuz\u00fa Cuati\u00e1. La mujer fue hallada culpable de homicidio calificado por el v\u00ednculo, con circunstancias extraordinarias de atenuaci\u00f3n, [&hellip;]<\/p>\n","protected":false},"author":2,"featured_media":22559,"comment_status":"closed","ping_status":"open","sticky":false,"template":"","format":"standard","meta":{"footnotes":""},"categories":[3],"tags":[42],"class_list":{"0":"post-22584","1":"post","2":"type-post","3":"status-publish","4":"format-standard","5":"has-post-thumbnail","7":"category-provinciales","8":"tag-featured"},"_links":{"self":[{"href":"https:\/\/zoomproducciones.com.ar\/zoomp\/wp-json\/wp\/v2\/posts\/22584","targetHints":{"allow":["GET"]}}],"collection":[{"href":"https:\/\/zoomproducciones.com.ar\/zoomp\/wp-json\/wp\/v2\/posts"}],"about":[{"href":"https:\/\/zoomproducciones.com.ar\/zoomp\/wp-json\/wp\/v2\/types\/post"}],"author":[{"embeddable":true,"href":"https:\/\/zoomproducciones.com.ar\/zoomp\/wp-json\/wp\/v2\/users\/2"}],"replies":[{"embeddable":true,"href":"https:\/\/zoomproducciones.com.ar\/zoomp\/wp-json\/wp\/v2\/comments?post=22584"}],"version-history":[{"count":1,"href":"https:\/\/zoomproducciones.com.ar\/zoomp\/wp-json\/wp\/v2\/posts\/22584\/revisions"}],"predecessor-version":[{"id":22585,"href":"https:\/\/zoomproducciones.com.ar\/zoomp\/wp-json\/wp\/v2\/posts\/22584\/revisions\/22585"}],"wp:featuredmedia":[{"embeddable":true,"href":"https:\/\/zoomproducciones.com.ar\/zoomp\/wp-json\/wp\/v2\/media\/22559"}],"wp:attachment":[{"href":"https:\/\/zoomproducciones.com.ar\/zoomp\/wp-json\/wp\/v2\/media?parent=22584"}],"wp:term":[{"taxonomy":"category","embeddable":true,"href":"https:\/\/zoomproducciones.com.ar\/zoomp\/wp-json\/wp\/v2\/categories?post=22584"},{"taxonomy":"post_tag","embeddable":true,"href":"https:\/\/zoomproducciones.com.ar\/zoomp\/wp-json\/wp\/v2\/tags?post=22584"}],"curies":[{"name":"wp","href":"https:\/\/api.w.org\/{rel}","templated":true}]}}