{"id":22570,"date":"2025-05-19T09:18:45","date_gmt":"2025-05-19T12:18:45","guid":{"rendered":"https:\/\/zoomproducciones.com.ar\/zoomp\/?p=22570"},"modified":"2025-05-19T09:18:47","modified_gmt":"2025-05-19T12:18:47","slug":"la-libertad-avanza-desplaza-al-pro-y-se-erige-como-la-nueva-fuerza-de-centroderecha","status":"publish","type":"post","link":"https:\/\/zoomproducciones.com.ar\/zoomp\/la-libertad-avanza-desplaza-al-pro-y-se-erige-como-la-nueva-fuerza-de-centroderecha\/","title":{"rendered":"La Libertad Avanza desplaza al PRO y se erige como la nueva fuerza de centroderecha"},"content":{"rendered":"\n<p>Con una contundente victoria electoral en la Ciudad de Buenos Aires, La Libertad Avanza (LLA) logr\u00f3 desplazar al PRO como principal fuerza de centroderecha, abriendo paso a una \u201cnueva grieta\u201d definida desde el antiperonismo y proyectada hacia 2027.<\/p>\n\n\n\n<p>Los resultados fueron elocuentes: los libertarios duplicaron al PRO, obteniendo el 30 por ciento de los votos frente al 15 por ciento del partido que durante dos d\u00e9cadas domin\u00f3 el escenario porte\u00f1o. Un fen\u00f3meno que algunos ya interpretan como el inicio de un recambio por derecha en la oposici\u00f3n al peronismo.<\/p>\n\n\n\n<p>Lo expres\u00f3 con claridad el propio Manuel Adorni, vocero presidencial y ganador de la jornada, al invitar a sumarse a \u201ctodos los que quieran ser parte del cambio\u201d \u2014una consigna heredada del PRO, pero ahora bajo otro liderazgo. \u201cT\u00e1bula rasa\u201d, dijo, repitiendo el mismo concepto que Javier Milei utiliz\u00f3 para justificar su acuerdo con Patricia Bullrich en 2023: empezar de cero.<\/p>\n\n\n\n<p>En ese marco, Mauricio Macri \u2014fundador del PRO y su actual presidente\u2014 abri\u00f3 la puerta a una eventual alianza electoral con LLA en la provincia de Buenos Aires, aunque aclar\u00f3 que un frente no implicar\u00eda \u201cintegrar\u201d el partido libertario. La negociaci\u00f3n apunta a enfrentar al gobernador Axel Kicillof en 2025 y 2027.<\/p>\n\n\n\n<p>Sin embargo, este posible acuerdo tambi\u00e9n revela la debilidad estructural del PRO, que tras 20 a\u00f1os en escena podr\u00eda estar transitando el tramo final de su ciclo pol\u00edtico.<\/p>\n\n\n\n<p>El peronismo, por su parte, permanece estancado en la Ciudad: m\u00e1s all\u00e1 de los candidatos, el espacio no supera un n\u00facleo duro del 20 por ciento, como se repite desde las candidaturas de Daniel Filmus hasta las de Leandro Santoro.<\/p>\n\n\n\n<p>Otro dato central fue la baja participaci\u00f3n: solo el 53 por ciento del padr\u00f3n acudi\u00f3 a votar. De esa mitad, un 30 por ciento respald\u00f3 a dirigentes que se definen como \u201canti-pol\u00edticos\u201d, como Adorni o Milei, que hacen campa\u00f1a prometiendo recortes, cierres de instituciones y con una motosierra como emblema.<\/p>\n\n\n\n<p>Ese apoyo a la \u201cno-pol\u00edtica\u201d es quiz\u00e1s la se\u00f1al m\u00e1s inquietante de la jornada y plantea un desaf\u00edo de fondo para el sistema democr\u00e1tico argentino.<\/p>\n","protected":false},"excerpt":{"rendered":"<p>Con una contundente victoria electoral en la Ciudad de Buenos Aires, La Libertad Avanza (LLA) logr\u00f3 desplazar al PRO como principal fuerza de centroderecha, abriendo paso a una \u201cnueva grieta\u201d definida desde el antiperonismo y proyectada hacia 2027. Los resultados fueron elocuentes: los libertarios duplicaron al PRO, obteniendo el 30 por ciento de los votos [&hellip;]<\/p>\n","protected":false},"author":2,"featured_media":22571,"comment_status":"closed","ping_status":"open","sticky":false,"template":"","format":"standard","meta":{"footnotes":""},"categories":[8],"tags":[511],"class_list":{"0":"post-22570","1":"post","2":"type-post","3":"status-publish","4":"format-standard","5":"has-post-thumbnail","7":"category-nacionales","8":"tag-bloque-2"},"_links":{"self":[{"href":"https:\/\/zoomproducciones.com.ar\/zoomp\/wp-json\/wp\/v2\/posts\/22570","targetHints":{"allow":["GET"]}}],"collection":[{"href":"https:\/\/zoomproducciones.com.ar\/zoomp\/wp-json\/wp\/v2\/posts"}],"about":[{"href":"https:\/\/zoomproducciones.com.ar\/zoomp\/wp-json\/wp\/v2\/types\/post"}],"author":[{"embeddable":true,"href":"https:\/\/zoomproducciones.com.ar\/zoomp\/wp-json\/wp\/v2\/users\/2"}],"replies":[{"embeddable":true,"href":"https:\/\/zoomproducciones.com.ar\/zoomp\/wp-json\/wp\/v2\/comments?post=22570"}],"version-history":[{"count":1,"href":"https:\/\/zoomproducciones.com.ar\/zoomp\/wp-json\/wp\/v2\/posts\/22570\/revisions"}],"predecessor-version":[{"id":22572,"href":"https:\/\/zoomproducciones.com.ar\/zoomp\/wp-json\/wp\/v2\/posts\/22570\/revisions\/22572"}],"wp:featuredmedia":[{"embeddable":true,"href":"https:\/\/zoomproducciones.com.ar\/zoomp\/wp-json\/wp\/v2\/media\/22571"}],"wp:attachment":[{"href":"https:\/\/zoomproducciones.com.ar\/zoomp\/wp-json\/wp\/v2\/media?parent=22570"}],"wp:term":[{"taxonomy":"category","embeddable":true,"href":"https:\/\/zoomproducciones.com.ar\/zoomp\/wp-json\/wp\/v2\/categories?post=22570"},{"taxonomy":"post_tag","embeddable":true,"href":"https:\/\/zoomproducciones.com.ar\/zoomp\/wp-json\/wp\/v2\/tags?post=22570"}],"curies":[{"name":"wp","href":"https:\/\/api.w.org\/{rel}","templated":true}]}}