{"id":2095,"date":"2022-12-07T09:54:47","date_gmt":"2022-12-07T12:54:47","guid":{"rendered":"http:\/\/zoomproducciones.com.ar\/zoomp\/?p=2095"},"modified":"2022-12-07T10:02:07","modified_gmt":"2022-12-07T13:02:07","slug":"todo-lo-que-tenes-que-saber-de-la-condena-a-cristina","status":"publish","type":"post","link":"https:\/\/zoomproducciones.com.ar\/zoomp\/todo-lo-que-tenes-que-saber-de-la-condena-a-cristina\/","title":{"rendered":"Causa Vialidad: detalles de la condena"},"content":{"rendered":"\n<p>La condena a la Vicepresidenta de la Naci\u00f3n no est\u00e1 firme, por ende, no ser\u00e1 de cumplimiento inmediato en ninguno de sus aspectos hasta que se agoten todas las instancias de apelaci\u00f3n previstas por la ley.&nbsp;<\/p>\n\n\n\n<p>El fallo del&nbsp;<strong>Tribunal Oral Federal (TOF) 2&nbsp;<\/strong>que&nbsp;conden\u00f3 este martes a la vicepresidenta<strong>Cristina Fern\u00e1ndez de Kirchner<\/strong>&nbsp;a seis a\u00f1os de prisi\u00f3n y a inhabilitaci\u00f3n perpetua no est\u00e1 firme y, por ende, no ser\u00e1 de cumplimiento inmediato en ninguno de sus aspectos hasta que se agoten todas las instancias de apelaci\u00f3n previstas por la ley.<\/p>\n\n\n\n<p>Adem\u00e1s, en el caso de la exmandataria, tiene inmunidad de arresto en raz\u00f3n del cargo que desempe\u00f1a hasta el 10 de diciembre de 2023 y durante ese lapso har\u00eda falta un juicio pol\u00edtico en el Congreso para quitarle los fueros y hacer efectiva la detenci\u00f3n.<\/p>\n\n\n\n<p>Sin embargo, aunque est\u00e1 habilitada para volver a postularse a cualquier cargo ya que la prohibici\u00f3n para ejercerlos se har\u00e1 efectiva una vez que la sentencia quede firme en todas las instancias, la propia Vicepresidenta&nbsp;anunci\u00f3 que no ser\u00e1 candidata a nada&nbsp;y que su nombre no estar\u00e1 en las boletas del Frente de Todos en las pr\u00f3ximas elecciones.<\/p>\n\n\n\n<p>En ese caso, al finalizar mandato actual como Vicepresidenta,&nbsp;<strong>Cristina Fern\u00e1ndez de Kirchner<\/strong>&nbsp;no contar\u00e1 con fueros en el caso de que las instancias superiores confirmen la sentencia del TOF 2.<\/p>\n\n\n\n<p>Por otro lado, el proceso de apelaci\u00f3n en los tribunales de alzada podr\u00eda extenderse indefinidamente ya que la&nbsp;<strong>Corte Suprema de Justicia<\/strong>&nbsp;no tiene plazos para expedirse.<\/p>\n\n\n\n<p>En cuanto a los pr\u00f3ximos pasos, el TOF 2 dar\u00e1 a conocer los fundamentos del fallo el 9 de marzo pr\u00f3ximo y desde ese d\u00eda tanto las defensas como la fiscal\u00eda estar\u00e1n en condiciones de preparar y presentar sus apelaciones ante la C\u00e1mara Federal de Casaci\u00f3n Penal<\/p>\n\n\n\n<p>Para ello tendr\u00e1n diez d\u00edas h\u00e1biles desde la lectura de los fundamentos.<\/p>\n","protected":false},"excerpt":{"rendered":"<p>La condena a la Vicepresidenta de la Naci\u00f3n no est\u00e1 firme, por ende, no ser\u00e1 de cumplimiento inmediato en ninguno de sus aspectos hasta que se agoten todas las instancias de apelaci\u00f3n previstas por la ley.&nbsp; El fallo del&nbsp;Tribunal Oral Federal (TOF) 2&nbsp;que&nbsp;conden\u00f3 este martes a la vicepresidentaCristina Fern\u00e1ndez de Kirchner&nbsp;a seis a\u00f1os de prisi\u00f3n [&hellip;]<\/p>\n","protected":false},"author":2,"featured_media":0,"comment_status":"closed","ping_status":"open","sticky":false,"template":"","format":"standard","meta":{"footnotes":""},"categories":[8],"tags":[118,145,42,117],"class_list":{"0":"post-2095","1":"post","2":"type-post","3":"status-publish","4":"format-standard","6":"category-nacionales","7":"tag-argentina","8":"tag-cristina-fernandez","9":"tag-featured","10":"tag-gobierno-nacional"},"_links":{"self":[{"href":"https:\/\/zoomproducciones.com.ar\/zoomp\/wp-json\/wp\/v2\/posts\/2095","targetHints":{"allow":["GET"]}}],"collection":[{"href":"https:\/\/zoomproducciones.com.ar\/zoomp\/wp-json\/wp\/v2\/posts"}],"about":[{"href":"https:\/\/zoomproducciones.com.ar\/zoomp\/wp-json\/wp\/v2\/types\/post"}],"author":[{"embeddable":true,"href":"https:\/\/zoomproducciones.com.ar\/zoomp\/wp-json\/wp\/v2\/users\/2"}],"replies":[{"embeddable":true,"href":"https:\/\/zoomproducciones.com.ar\/zoomp\/wp-json\/wp\/v2\/comments?post=2095"}],"version-history":[{"count":2,"href":"https:\/\/zoomproducciones.com.ar\/zoomp\/wp-json\/wp\/v2\/posts\/2095\/revisions"}],"predecessor-version":[{"id":2099,"href":"https:\/\/zoomproducciones.com.ar\/zoomp\/wp-json\/wp\/v2\/posts\/2095\/revisions\/2099"}],"wp:attachment":[{"href":"https:\/\/zoomproducciones.com.ar\/zoomp\/wp-json\/wp\/v2\/media?parent=2095"}],"wp:term":[{"taxonomy":"category","embeddable":true,"href":"https:\/\/zoomproducciones.com.ar\/zoomp\/wp-json\/wp\/v2\/categories?post=2095"},{"taxonomy":"post_tag","embeddable":true,"href":"https:\/\/zoomproducciones.com.ar\/zoomp\/wp-json\/wp\/v2\/tags?post=2095"}],"curies":[{"name":"wp","href":"https:\/\/api.w.org\/{rel}","templated":true}]}}