{"id":20537,"date":"2024-12-11T09:05:34","date_gmt":"2024-12-11T12:05:34","guid":{"rendered":"https:\/\/zoomproducciones.com.ar\/zoomp\/?p=20537"},"modified":"2024-12-11T09:05:40","modified_gmt":"2024-12-11T12:05:40","slug":"ministro-de-salud-y-titular-del-pami-faltaron-a-la-citacion-en-diputados-por-el-recorte-de-medicamentos-a-jubilados","status":"publish","type":"post","link":"https:\/\/zoomproducciones.com.ar\/zoomp\/ministro-de-salud-y-titular-del-pami-faltaron-a-la-citacion-en-diputados-por-el-recorte-de-medicamentos-a-jubilados\/","title":{"rendered":"Ministro de Salud y titular del PAMI faltaron a la citaci\u00f3n en Diputados por el recorte de medicamentos a jubilados"},"content":{"rendered":"\n<p>El ministro de Salud, Mario Lugones, y el titular del PAMI, Esteban Leguizamo, no se presentaron a la Comisi\u00f3n de Salud y Acci\u00f3n P\u00fablica de la C\u00e1mara de Diputados para explicar el recorte en la cobertura de medicamentos para jubilados. <\/p>\n\n\n\n<p>La comisi\u00f3n hab\u00eda citado a ambos funcionarios para que justificaran la medida que limita el acceso a medicamentos gratuitos a jubilados con haberes menores a 389.000 pesos y sin prepaga. El presidente de la comisi\u00f3n, Pablo Yedlin, critic\u00f3 duramente la ausencia, calific\u00e1ndola como un \u00abfaltazo\u00bb inaceptable. <\/p>\n\n\n\n<p>Yedlin record\u00f3 otras ocasiones en que funcionarios del Poder Ejecutivo se negaron a comparecer ante el Congreso. Se\u00f1al\u00f3 que la medida afecta a la mitad de los jubilados, ya sea por superar el l\u00edmite de ingresos o por la imposibilidad de realizar los tr\u00e1mites administrativos requeridos. <\/p>\n\n\n\n<p>El presidente de la bancada de Uni\u00f3n por la Patria, Germ\u00e1n Mart\u00ednez, calific\u00f3 la ausencia como \u00abcruel, inhumana y cobarde\u00bb. Si bien Lugones y Leguizamo no asistieron, s\u00ed lo hicieron representantes de la Defensor\u00eda del Pueblo de la Tercera Edad y la Defensor\u00eda del Pueblo de la Naci\u00f3n. <\/p>\n\n\n\n<p>Eduardo Semino, de la Defensor\u00eda del Pueblo de la Tercera Edad, critic\u00f3 duramente la decisi\u00f3n del PAMI, se\u00f1alando el bajo nivel de los haberes jubilatorios y el impacto de la medida en el mercado de medicamentos. <\/p>\n\n\n\n<p>Juan Jos\u00e9 Bockel, de la Defensor\u00eda del Pueblo de la Naci\u00f3n, explic\u00f3 que est\u00e1n actuando de oficio y a\u00fan no pueden opinar hasta recibir las respuestas a un cuestionario enviado a las autoridades del PAMI, en el que se les pide informaci\u00f3n sobre la evaluaci\u00f3n de la capacidad econ\u00f3mica de los jubilados y los mecanismos para solicitar revisiones en caso de exclusi\u00f3n injusta.<\/p>\n","protected":false},"excerpt":{"rendered":"<p>El ministro de Salud, Mario Lugones, y el titular del PAMI, Esteban Leguizamo, no se presentaron a la Comisi\u00f3n de Salud y Acci\u00f3n P\u00fablica de la C\u00e1mara de Diputados para explicar el recorte en la cobertura de medicamentos para jubilados. La comisi\u00f3n hab\u00eda citado a ambos funcionarios para que justificaran la medida que limita el [&hellip;]<\/p>\n","protected":false},"author":2,"featured_media":20539,"comment_status":"closed","ping_status":"open","sticky":false,"template":"","format":"standard","meta":{"footnotes":""},"categories":[8],"tags":[511],"class_list":{"0":"post-20537","1":"post","2":"type-post","3":"status-publish","4":"format-standard","5":"has-post-thumbnail","7":"category-nacionales","8":"tag-bloque-2"},"_links":{"self":[{"href":"https:\/\/zoomproducciones.com.ar\/zoomp\/wp-json\/wp\/v2\/posts\/20537","targetHints":{"allow":["GET"]}}],"collection":[{"href":"https:\/\/zoomproducciones.com.ar\/zoomp\/wp-json\/wp\/v2\/posts"}],"about":[{"href":"https:\/\/zoomproducciones.com.ar\/zoomp\/wp-json\/wp\/v2\/types\/post"}],"author":[{"embeddable":true,"href":"https:\/\/zoomproducciones.com.ar\/zoomp\/wp-json\/wp\/v2\/users\/2"}],"replies":[{"embeddable":true,"href":"https:\/\/zoomproducciones.com.ar\/zoomp\/wp-json\/wp\/v2\/comments?post=20537"}],"version-history":[{"count":1,"href":"https:\/\/zoomproducciones.com.ar\/zoomp\/wp-json\/wp\/v2\/posts\/20537\/revisions"}],"predecessor-version":[{"id":20540,"href":"https:\/\/zoomproducciones.com.ar\/zoomp\/wp-json\/wp\/v2\/posts\/20537\/revisions\/20540"}],"wp:featuredmedia":[{"embeddable":true,"href":"https:\/\/zoomproducciones.com.ar\/zoomp\/wp-json\/wp\/v2\/media\/20539"}],"wp:attachment":[{"href":"https:\/\/zoomproducciones.com.ar\/zoomp\/wp-json\/wp\/v2\/media?parent=20537"}],"wp:term":[{"taxonomy":"category","embeddable":true,"href":"https:\/\/zoomproducciones.com.ar\/zoomp\/wp-json\/wp\/v2\/categories?post=20537"},{"taxonomy":"post_tag","embeddable":true,"href":"https:\/\/zoomproducciones.com.ar\/zoomp\/wp-json\/wp\/v2\/tags?post=20537"}],"curies":[{"name":"wp","href":"https:\/\/api.w.org\/{rel}","templated":true}]}}