{"id":20530,"date":"2024-12-11T08:57:49","date_gmt":"2024-12-11T11:57:49","guid":{"rendered":"https:\/\/zoomproducciones.com.ar\/zoomp\/?p=20530"},"modified":"2024-12-11T08:57:50","modified_gmt":"2024-12-11T11:57:50","slug":"alberto-fernandez-declarara-el-19-de-diciembre-en-la-causa-por-violencia-de-genero","status":"publish","type":"post","link":"https:\/\/zoomproducciones.com.ar\/zoomp\/alberto-fernandez-declarara-el-19-de-diciembre-en-la-causa-por-violencia-de-genero\/","title":{"rendered":"Alberto Fern\u00e1ndez declarar\u00e1 el 19 de diciembre en la causa por violencia de g\u00e9nero"},"content":{"rendered":"\n<p>El ex presidente Alberto Fern\u00e1ndez prestar\u00e1 declaraci\u00f3n indagatoria el jueves 19 de diciembre a las 11:00 ante el juez Juli\u00e1n Ercolini, en la causa por violencia de g\u00e9nero iniciada por la denuncia de Fabiola Ya\u00f1ez. <\/p>\n\n\n\n<p>La indagatoria, inicialmente prevista para el 10 de diciembre, se posterg\u00f3 debido a un pedido de recusaci\u00f3n del juez por parte de la defensa de Fern\u00e1ndez, quien tambi\u00e9n present\u00f3 un planteo de incompetencia. <\/p>\n\n\n\n<p>Fern\u00e1ndez enfrenta acusaciones de \u00ablesiones leves agravadas por violencia de g\u00e9nero\u00bb, \u00ablesi\u00f3n grave agravada\u00bb y \u00abcoacciones\u00bb, delitos que podr\u00edan acarrear una pena m\u00e1xima de 18 a\u00f1os de prisi\u00f3n. La imputaci\u00f3n se basa en pruebas recopiladas, incluyendo mensajes de Ya\u00f1ez a su ex secretaria, hallados en un peritaje. <\/p>\n\n\n\n<p>La fiscal\u00eda sostiene que Fern\u00e1ndez ejerci\u00f3 distintos tipos de violencia contra Ya\u00f1ez durante su relaci\u00f3n, desde violencia psicol\u00f3gica a f\u00edsica y econ\u00f3mica. Ya\u00f1ez declar\u00f3 por videoconferencia desde Espa\u00f1a, mientras que otros testigos, entre ellos su ex secretaria privada y personal de la quinta de Olivos, ya declararon en los tribunales. <\/p>\n\n\n\n<p>Esta ser\u00e1 la segunda indagatoria de Fern\u00e1ndez tras dejar la presidencia, la anterior relacionada con la causa \u00abNaci\u00f3n Seguros\u00bb.<\/p>\n","protected":false},"excerpt":{"rendered":"<p>El ex presidente Alberto Fern\u00e1ndez prestar\u00e1 declaraci\u00f3n indagatoria el jueves 19 de diciembre a las 11:00 ante el juez Juli\u00e1n Ercolini, en la causa por violencia de g\u00e9nero iniciada por la denuncia de Fabiola Ya\u00f1ez. La indagatoria, inicialmente prevista para el 10 de diciembre, se posterg\u00f3 debido a un pedido de recusaci\u00f3n del juez por [&hellip;]<\/p>\n","protected":false},"author":2,"featured_media":20532,"comment_status":"closed","ping_status":"open","sticky":false,"template":"","format":"standard","meta":{"footnotes":""},"categories":[8],"tags":[511],"class_list":{"0":"post-20530","1":"post","2":"type-post","3":"status-publish","4":"format-standard","5":"has-post-thumbnail","7":"category-nacionales","8":"tag-bloque-2"},"_links":{"self":[{"href":"https:\/\/zoomproducciones.com.ar\/zoomp\/wp-json\/wp\/v2\/posts\/20530","targetHints":{"allow":["GET"]}}],"collection":[{"href":"https:\/\/zoomproducciones.com.ar\/zoomp\/wp-json\/wp\/v2\/posts"}],"about":[{"href":"https:\/\/zoomproducciones.com.ar\/zoomp\/wp-json\/wp\/v2\/types\/post"}],"author":[{"embeddable":true,"href":"https:\/\/zoomproducciones.com.ar\/zoomp\/wp-json\/wp\/v2\/users\/2"}],"replies":[{"embeddable":true,"href":"https:\/\/zoomproducciones.com.ar\/zoomp\/wp-json\/wp\/v2\/comments?post=20530"}],"version-history":[{"count":1,"href":"https:\/\/zoomproducciones.com.ar\/zoomp\/wp-json\/wp\/v2\/posts\/20530\/revisions"}],"predecessor-version":[{"id":20535,"href":"https:\/\/zoomproducciones.com.ar\/zoomp\/wp-json\/wp\/v2\/posts\/20530\/revisions\/20535"}],"wp:featuredmedia":[{"embeddable":true,"href":"https:\/\/zoomproducciones.com.ar\/zoomp\/wp-json\/wp\/v2\/media\/20532"}],"wp:attachment":[{"href":"https:\/\/zoomproducciones.com.ar\/zoomp\/wp-json\/wp\/v2\/media?parent=20530"}],"wp:term":[{"taxonomy":"category","embeddable":true,"href":"https:\/\/zoomproducciones.com.ar\/zoomp\/wp-json\/wp\/v2\/categories?post=20530"},{"taxonomy":"post_tag","embeddable":true,"href":"https:\/\/zoomproducciones.com.ar\/zoomp\/wp-json\/wp\/v2\/tags?post=20530"}],"curies":[{"name":"wp","href":"https:\/\/api.w.org\/{rel}","templated":true}]}}