{"id":20510,"date":"2024-12-10T08:50:47","date_gmt":"2024-12-10T11:50:47","guid":{"rendered":"https:\/\/zoomproducciones.com.ar\/zoomp\/?p=20510"},"modified":"2024-12-10T08:50:50","modified_gmt":"2024-12-10T11:50:50","slug":"milei-celebra-su-primer-aniversario-con-una-cadena-nacional","status":"publish","type":"post","link":"https:\/\/zoomproducciones.com.ar\/zoomp\/milei-celebra-su-primer-aniversario-con-una-cadena-nacional\/","title":{"rendered":"Milei celebra su primer aniversario con una cadena nacional"},"content":{"rendered":"\n<p>El presidente Javier Milei conmemorar\u00e1 su primer a\u00f1o de gesti\u00f3n con una extensa agenda que incluye un acto con la Sociedad Rural Argentina (SRA), un mensaje en cadena nacional y un brindis con su gabinete. <\/p>\n\n\n\n<p>El martes, a las 10:00, participar\u00e1 en un evento cerrado de la SRA en Palermo, junto a su ministro de Econom\u00eda, Luis Caputo. <\/p>\n\n\n\n<p>A las 17:30, grabar\u00e1 en Casa Rosada un mensaje a la naci\u00f3n que se emitir\u00e1 a las 21:00, donde se espera que destaque los logros de su gesti\u00f3n, contrast\u00e1ndolos con la situaci\u00f3n heredada del gobierno anterior, haciendo hincapi\u00e9 en el \u00abordenamiento macroecon\u00f3mico\u00bb y la \u00abpulverizaci\u00f3n de la inflaci\u00f3n\u00bb. <\/p>\n\n\n\n<p>La jornada culminar\u00e1 con un brindis con su equipo de gobierno.<\/p>\n","protected":false},"excerpt":{"rendered":"<p>El presidente Javier Milei conmemorar\u00e1 su primer a\u00f1o de gesti\u00f3n con una extensa agenda que incluye un acto con la Sociedad Rural Argentina (SRA), un mensaje en cadena nacional y un brindis con su gabinete. El martes, a las 10:00, participar\u00e1 en un evento cerrado de la SRA en Palermo, junto a su ministro de [&hellip;]<\/p>\n","protected":false},"author":2,"featured_media":20439,"comment_status":"closed","ping_status":"open","sticky":false,"template":"","format":"standard","meta":{"footnotes":""},"categories":[8],"tags":[511],"class_list":{"0":"post-20510","1":"post","2":"type-post","3":"status-publish","4":"format-standard","5":"has-post-thumbnail","7":"category-nacionales","8":"tag-bloque-2"},"_links":{"self":[{"href":"https:\/\/zoomproducciones.com.ar\/zoomp\/wp-json\/wp\/v2\/posts\/20510","targetHints":{"allow":["GET"]}}],"collection":[{"href":"https:\/\/zoomproducciones.com.ar\/zoomp\/wp-json\/wp\/v2\/posts"}],"about":[{"href":"https:\/\/zoomproducciones.com.ar\/zoomp\/wp-json\/wp\/v2\/types\/post"}],"author":[{"embeddable":true,"href":"https:\/\/zoomproducciones.com.ar\/zoomp\/wp-json\/wp\/v2\/users\/2"}],"replies":[{"embeddable":true,"href":"https:\/\/zoomproducciones.com.ar\/zoomp\/wp-json\/wp\/v2\/comments?post=20510"}],"version-history":[{"count":1,"href":"https:\/\/zoomproducciones.com.ar\/zoomp\/wp-json\/wp\/v2\/posts\/20510\/revisions"}],"predecessor-version":[{"id":20512,"href":"https:\/\/zoomproducciones.com.ar\/zoomp\/wp-json\/wp\/v2\/posts\/20510\/revisions\/20512"}],"wp:featuredmedia":[{"embeddable":true,"href":"https:\/\/zoomproducciones.com.ar\/zoomp\/wp-json\/wp\/v2\/media\/20439"}],"wp:attachment":[{"href":"https:\/\/zoomproducciones.com.ar\/zoomp\/wp-json\/wp\/v2\/media?parent=20510"}],"wp:term":[{"taxonomy":"category","embeddable":true,"href":"https:\/\/zoomproducciones.com.ar\/zoomp\/wp-json\/wp\/v2\/categories?post=20510"},{"taxonomy":"post_tag","embeddable":true,"href":"https:\/\/zoomproducciones.com.ar\/zoomp\/wp-json\/wp\/v2\/tags?post=20510"}],"curies":[{"name":"wp","href":"https:\/\/api.w.org\/{rel}","templated":true}]}}