{"id":2010,"date":"2022-12-05T09:53:27","date_gmt":"2022-12-05T12:53:27","guid":{"rendered":"http:\/\/zoomproducciones.com.ar\/zoomp\/?p=2010"},"modified":"2022-12-05T09:53:28","modified_gmt":"2022-12-05T12:53:28","slug":"testeos-de-vih-y-sida-atenderan-en-el-caps-5","status":"publish","type":"post","link":"https:\/\/zoomproducciones.com.ar\/zoomp\/testeos-de-vih-y-sida-atenderan-en-el-caps-5\/","title":{"rendered":"Testeos de VIH y SIDA: atender\u00e1n en el CAPS 5"},"content":{"rendered":"\n<p>A trav\u00e9s del Programa Municipal de VIH\/SIDA y ETS, el municipio se encuentra realizando testeos r\u00e1pidos de VIH y SIDA. Esta jornada se realizar\u00e1 este lunes en el CAPS 5 de 09:00 a 11:00 horas.<\/p>\n\n\n\n<p>La segunda jornada de testeos r\u00e1pidos de VIH y SIDA comenzar\u00e1 el d\u00eda de hoy, lunes 5 de diciembre, en el CAPS 5 de 9 a 11 hs.<\/p>\n\n\n\n<p>En ese mismo horario, habr\u00e1 testeos seg\u00fan el siguiente cronograma:<\/p>\n\n\n\n<p><a><\/a>Mi\u00e9rcoles 7\/12: CAPS 3<\/p>\n\n\n\n<p>Lunes 12\/12: CAPS 8<\/p>\n\n\n\n<p>Martes 13\/12: CAPS provincial Palmar<\/p>\n\n\n\n<p>Mi\u00e9rcoles 14\/12: CAPS 7<\/p>\n\n\n\n<p>Viernes 16\/12: CAPS 7 bis<\/p>\n\n\n\n<p>Lunes 19\/12: CAPS 6<\/p>\n\n\n\n<p>Martes 20\/12: CAPS 10<\/p>\n\n\n\n<p>Mi\u00e9rcoles 21\/12: CAPS 1<\/p>\n\n\n\n<p>Jueves 22\/12: CAPS 2<\/p>\n\n\n\n<p>Los testeos son completamente gratuitos, voluntarios y confidenciales. Prevenir es clave.<\/p>\n","protected":false},"excerpt":{"rendered":"<p>A trav\u00e9s del Programa Municipal de VIH\/SIDA y ETS, el municipio se encuentra realizando testeos r\u00e1pidos de VIH y SIDA. Esta jornada se realizar\u00e1 este lunes en el CAPS 5 de 09:00 a 11:00 horas. La segunda jornada de testeos r\u00e1pidos de VIH y SIDA comenzar\u00e1 el d\u00eda de hoy, lunes 5 de diciembre, en [&hellip;]<\/p>\n","protected":false},"author":2,"featured_media":0,"comment_status":"closed","ping_status":"open","sticky":false,"template":"","format":"standard","meta":{"footnotes":""},"categories":[5],"tags":[42,115,116],"class_list":{"0":"post-2010","1":"post","2":"type-post","3":"status-publish","4":"format-standard","6":"category-locales","7":"tag-featured","8":"tag-municipalidad","9":"tag-paso-de-los-libres"},"_links":{"self":[{"href":"https:\/\/zoomproducciones.com.ar\/zoomp\/wp-json\/wp\/v2\/posts\/2010","targetHints":{"allow":["GET"]}}],"collection":[{"href":"https:\/\/zoomproducciones.com.ar\/zoomp\/wp-json\/wp\/v2\/posts"}],"about":[{"href":"https:\/\/zoomproducciones.com.ar\/zoomp\/wp-json\/wp\/v2\/types\/post"}],"author":[{"embeddable":true,"href":"https:\/\/zoomproducciones.com.ar\/zoomp\/wp-json\/wp\/v2\/users\/2"}],"replies":[{"embeddable":true,"href":"https:\/\/zoomproducciones.com.ar\/zoomp\/wp-json\/wp\/v2\/comments?post=2010"}],"version-history":[{"count":1,"href":"https:\/\/zoomproducciones.com.ar\/zoomp\/wp-json\/wp\/v2\/posts\/2010\/revisions"}],"predecessor-version":[{"id":2012,"href":"https:\/\/zoomproducciones.com.ar\/zoomp\/wp-json\/wp\/v2\/posts\/2010\/revisions\/2012"}],"wp:attachment":[{"href":"https:\/\/zoomproducciones.com.ar\/zoomp\/wp-json\/wp\/v2\/media?parent=2010"}],"wp:term":[{"taxonomy":"category","embeddable":true,"href":"https:\/\/zoomproducciones.com.ar\/zoomp\/wp-json\/wp\/v2\/categories?post=2010"},{"taxonomy":"post_tag","embeddable":true,"href":"https:\/\/zoomproducciones.com.ar\/zoomp\/wp-json\/wp\/v2\/tags?post=2010"}],"curies":[{"name":"wp","href":"https:\/\/api.w.org\/{rel}","templated":true}]}}