{"id":20006,"date":"2024-11-20T07:59:09","date_gmt":"2024-11-20T10:59:09","guid":{"rendered":"https:\/\/zoomproducciones.com.ar\/zoomp\/?p=20006"},"modified":"2024-11-20T07:59:10","modified_gmt":"2024-11-20T10:59:10","slug":"segun-milei-en-argentina-los-salarios-vienen-creciendo-todos-los-meses-por-encima-de-la-inflacion","status":"publish","type":"post","link":"https:\/\/zoomproducciones.com.ar\/zoomp\/segun-milei-en-argentina-los-salarios-vienen-creciendo-todos-los-meses-por-encima-de-la-inflacion\/","title":{"rendered":"Seg\u00fan Milei, en Argentina \u00bblos salarios vienen creciendo todos los meses por encima de la inflaci\u00f3n\u00bb"},"content":{"rendered":"\n<p>El presidente Javier Milei destac\u00f3 la \u00abtendencia econ\u00f3mica floreciente\u00bb del pa\u00eds a once meses de su gesti\u00f3n, atribuy\u00e9ndola a reformas de largo plazo. En una entrevista con el podcast de Lex Fridman, Milei afirm\u00f3 que la actividad econ\u00f3mica recuper\u00f3 terreno a partir de abril, con salarios nominales por encima de la inflaci\u00f3n y alcanzando niveles similares a noviembre. Tambi\u00e9n se\u00f1al\u00f3 la reducci\u00f3n del riesgo pa\u00eds y su impacto en menores tasas de inter\u00e9s, lo que a su juicio genera mayor inversi\u00f3n y consumo.<\/p>\n\n\n\n<p>\u00abArgentina encontr\u00f3 su piso de actividad en el mes de abril. A partir de ese momento empezamos a experimentar una recuperaci\u00f3n c\u00edclica. Los salarios vienen creciendo todos los meses por encima de la inflaci\u00f3n. o sea, creciendo. Los salarios nominales le est\u00e1n ganando a la inflaci\u00f3n. Ya estamos en niveles similares a los que ten\u00edamos en noviembre, lo mismo para las jubilaciones\u00bb, sostuvo.<\/p>\n\n\n\n<p>Milei argument\u00f3 que la ca\u00edda de la pobreza e indigencia se debe en parte al crecimiento de los salarios en el sector informal. Sin embargo, el mandatario advirti\u00f3 sobre la necesidad de una \u00abbatalla cultural\u00bb para evitar un retroceso del modelo econ\u00f3mico liberal, comparando la situaci\u00f3n con la de Chile. Milei sostuvo que es fundamental combatir el socialismo en la educaci\u00f3n, medios de comunicaci\u00f3n y las instituciones para asegurar la sostenibilidad del proyecto econ\u00f3mico.<\/p>\n\n\n\n<p>En su visi\u00f3n, la pol\u00edtica debe enfocarse en el capitalismo, la democracia liberal republicana y una batalla cultural contra el socialismo. Milei resalt\u00f3 la admiraci\u00f3n por Donald Trump, especialmente por su postura frente al socialismo y su \u00abcoraje\u00bb luego del atentado que sufri\u00f3 durante su campa\u00f1a. Finaliz\u00f3 expresando la intenci\u00f3n de Argentina de fortalecer sus lazos comerciales e inversores con Estados Unidos y la OTAN.<\/p>\n","protected":false},"excerpt":{"rendered":"<p>El presidente Javier Milei destac\u00f3 la \u00abtendencia econ\u00f3mica floreciente\u00bb del pa\u00eds a once meses de su gesti\u00f3n, atribuy\u00e9ndola a reformas de largo plazo. En una entrevista con el podcast de Lex Fridman, Milei afirm\u00f3 que la actividad econ\u00f3mica recuper\u00f3 terreno a partir de abril, con salarios nominales por encima de la inflaci\u00f3n y alcanzando niveles [&hellip;]<\/p>\n","protected":false},"author":2,"featured_media":20008,"comment_status":"closed","ping_status":"open","sticky":false,"template":"","format":"standard","meta":{"footnotes":""},"categories":[8],"tags":[511],"class_list":{"0":"post-20006","1":"post","2":"type-post","3":"status-publish","4":"format-standard","5":"has-post-thumbnail","7":"category-nacionales","8":"tag-bloque-2"},"_links":{"self":[{"href":"https:\/\/zoomproducciones.com.ar\/zoomp\/wp-json\/wp\/v2\/posts\/20006","targetHints":{"allow":["GET"]}}],"collection":[{"href":"https:\/\/zoomproducciones.com.ar\/zoomp\/wp-json\/wp\/v2\/posts"}],"about":[{"href":"https:\/\/zoomproducciones.com.ar\/zoomp\/wp-json\/wp\/v2\/types\/post"}],"author":[{"embeddable":true,"href":"https:\/\/zoomproducciones.com.ar\/zoomp\/wp-json\/wp\/v2\/users\/2"}],"replies":[{"embeddable":true,"href":"https:\/\/zoomproducciones.com.ar\/zoomp\/wp-json\/wp\/v2\/comments?post=20006"}],"version-history":[{"count":1,"href":"https:\/\/zoomproducciones.com.ar\/zoomp\/wp-json\/wp\/v2\/posts\/20006\/revisions"}],"predecessor-version":[{"id":20010,"href":"https:\/\/zoomproducciones.com.ar\/zoomp\/wp-json\/wp\/v2\/posts\/20006\/revisions\/20010"}],"wp:featuredmedia":[{"embeddable":true,"href":"https:\/\/zoomproducciones.com.ar\/zoomp\/wp-json\/wp\/v2\/media\/20008"}],"wp:attachment":[{"href":"https:\/\/zoomproducciones.com.ar\/zoomp\/wp-json\/wp\/v2\/media?parent=20006"}],"wp:term":[{"taxonomy":"category","embeddable":true,"href":"https:\/\/zoomproducciones.com.ar\/zoomp\/wp-json\/wp\/v2\/categories?post=20006"},{"taxonomy":"post_tag","embeddable":true,"href":"https:\/\/zoomproducciones.com.ar\/zoomp\/wp-json\/wp\/v2\/tags?post=20006"}],"curies":[{"name":"wp","href":"https:\/\/api.w.org\/{rel}","templated":true}]}}