{"id":19990,"date":"2024-11-20T07:44:35","date_gmt":"2024-11-20T10:44:35","guid":{"rendered":"https:\/\/zoomproducciones.com.ar\/zoomp\/?p=19990"},"modified":"2024-11-20T09:03:04","modified_gmt":"2024-11-20T12:03:04","slug":"radicales-exigen-la-anulacion-de-elecciones-internas-discrepancias-en-el-padron","status":"publish","type":"post","link":"https:\/\/zoomproducciones.com.ar\/zoomp\/radicales-exigen-la-anulacion-de-elecciones-internas-discrepancias-en-el-padron\/","title":{"rendered":"Por discrepancias en el padr\u00f3n, radicales exigen la anulaci\u00f3n de elecciones internas"},"content":{"rendered":"\n<p>Un grupo de 36 dirigentes radicales, representando a 36 localidades, pidi\u00f3 la anulaci\u00f3n de las elecciones internas convocadas para el 22 de diciembre por la intervenci\u00f3n partidaria. Los dirigentes denuncian que el padr\u00f3n electoral presentado por el interventor Juli\u00e1n Galdeano difiere del publicado previamente, con un faltante de 1.000 afiliados.<\/p>\n\n\n\n<p>Adem\u00e1s, argumentan que la convocatoria es \u00abapresurada\u00bb y \u00abarbitraria\u00bb al no incluir la juventud ni las elecciones para convencionales nacionales, pese a que la intervenci\u00f3n tiene facultades para convocar internas. La falta de tiempo para la presentaci\u00f3n de afiliaciones y reclamos coloca a los afiliados en una situaci\u00f3n de indefensi\u00f3n, seg\u00fan los denunciantes.<\/p>\n\n\n\n<p>El grupo amenaza con acudir a la Justicia si la intervenci\u00f3n no atiende sus reclamos sobre la legitimidad del padr\u00f3n y la convocatoria electoral.<\/p>\n","protected":false},"excerpt":{"rendered":"<p>Un grupo de 36 dirigentes radicales, representando a 36 localidades, pidi\u00f3 la anulaci\u00f3n de las elecciones internas convocadas para el 22 de diciembre por la intervenci\u00f3n partidaria. Los dirigentes denuncian que el padr\u00f3n electoral presentado por el interventor Juli\u00e1n Galdeano difiere del publicado previamente, con un faltante de 1.000 afiliados. Adem\u00e1s, argumentan que la convocatoria [&hellip;]<\/p>\n","protected":false},"author":2,"featured_media":19991,"comment_status":"closed","ping_status":"open","sticky":false,"template":"","format":"standard","meta":{"footnotes":""},"categories":[3],"tags":[42],"class_list":{"0":"post-19990","1":"post","2":"type-post","3":"status-publish","4":"format-standard","5":"has-post-thumbnail","7":"category-provinciales","8":"tag-featured"},"_links":{"self":[{"href":"https:\/\/zoomproducciones.com.ar\/zoomp\/wp-json\/wp\/v2\/posts\/19990","targetHints":{"allow":["GET"]}}],"collection":[{"href":"https:\/\/zoomproducciones.com.ar\/zoomp\/wp-json\/wp\/v2\/posts"}],"about":[{"href":"https:\/\/zoomproducciones.com.ar\/zoomp\/wp-json\/wp\/v2\/types\/post"}],"author":[{"embeddable":true,"href":"https:\/\/zoomproducciones.com.ar\/zoomp\/wp-json\/wp\/v2\/users\/2"}],"replies":[{"embeddable":true,"href":"https:\/\/zoomproducciones.com.ar\/zoomp\/wp-json\/wp\/v2\/comments?post=19990"}],"version-history":[{"count":2,"href":"https:\/\/zoomproducciones.com.ar\/zoomp\/wp-json\/wp\/v2\/posts\/19990\/revisions"}],"predecessor-version":[{"id":20019,"href":"https:\/\/zoomproducciones.com.ar\/zoomp\/wp-json\/wp\/v2\/posts\/19990\/revisions\/20019"}],"wp:featuredmedia":[{"embeddable":true,"href":"https:\/\/zoomproducciones.com.ar\/zoomp\/wp-json\/wp\/v2\/media\/19991"}],"wp:attachment":[{"href":"https:\/\/zoomproducciones.com.ar\/zoomp\/wp-json\/wp\/v2\/media?parent=19990"}],"wp:term":[{"taxonomy":"category","embeddable":true,"href":"https:\/\/zoomproducciones.com.ar\/zoomp\/wp-json\/wp\/v2\/categories?post=19990"},{"taxonomy":"post_tag","embeddable":true,"href":"https:\/\/zoomproducciones.com.ar\/zoomp\/wp-json\/wp\/v2\/tags?post=19990"}],"curies":[{"name":"wp","href":"https:\/\/api.w.org\/{rel}","templated":true}]}}