{"id":19973,"date":"2024-11-19T08:43:32","date_gmt":"2024-11-19T11:43:32","guid":{"rendered":"https:\/\/zoomproducciones.com.ar\/zoomp\/?p=19973"},"modified":"2024-11-19T08:51:30","modified_gmt":"2024-11-19T11:51:30","slug":"gobierno-elimina-la-obligatoriedad-de-contratar-a-aerolineas-argentinas-para-viajes-oficiales","status":"publish","type":"post","link":"https:\/\/zoomproducciones.com.ar\/zoomp\/gobierno-elimina-la-obligatoriedad-de-contratar-a-aerolineas-argentinas-para-viajes-oficiales\/","title":{"rendered":"Gobierno elimina la obligatoriedad de contratar a Aerol\u00edneas Argentinas para viajes oficiales"},"content":{"rendered":"\n<p>El Gobierno derog\u00f3 la norma que obligaba a las entidades p\u00fablicas a contratar exclusivamente a Aerol\u00edneas Argentinas y Austral L\u00edneas A\u00e9reas para el traslado de funcionarios y terceros. La Decisi\u00f3n Administrativa 1017\/2024, publicada hoy en el Bolet\u00edn Oficial, elimina la restricci\u00f3n impuesta por la Decisi\u00f3n Administrativa 244\/2013.<\/p>\n\n\n\n<p>La medida, impulsada por el jefe de Gabinete, Guillermo Francos, y el ministro de Desregulaci\u00f3n, Federico Sturzenegger, busca promover un r\u00e9gimen de contrataciones m\u00e1s transparente y competitivo, basado en licitaciones p\u00fablicas y concursos. Argumentan que esto permitir\u00e1 una mayor equidad en el acceso a las contrataciones estatales.<\/p>\n\n\n\n<p>La obligatoriedad de contratar a las aerol\u00edneas estatales se hab\u00eda establecido en el marco del Decreto 1191\/2012, que priorizaba la contrataci\u00f3n de empresas con participaci\u00f3n estatal. Sin embargo, el Decreto 70\/2023, que declar\u00f3 la emergencia p\u00fablica hasta 2025, introdujo un programa de desregulaci\u00f3n que limit\u00f3 estos beneficios. Posteriormente, el Decreto 747\/2024 elimin\u00f3 espec\u00edficamente la obligatoriedad de contratar a Aerol\u00edneas Argentinas y Austral.<\/p>\n\n\n\n<p>La nueva decisi\u00f3n administrativa entra en vigencia de forma inmediata.<\/p>\n","protected":false},"excerpt":{"rendered":"<p>El Gobierno derog\u00f3 la norma que obligaba a las entidades p\u00fablicas a contratar exclusivamente a Aerol\u00edneas Argentinas y Austral L\u00edneas A\u00e9reas para el traslado de funcionarios y terceros. La Decisi\u00f3n Administrativa 1017\/2024, publicada hoy en el Bolet\u00edn Oficial, elimina la restricci\u00f3n impuesta por la Decisi\u00f3n Administrativa 244\/2013. La medida, impulsada por el jefe de Gabinete, [&hellip;]<\/p>\n","protected":false},"author":2,"featured_media":19975,"comment_status":"closed","ping_status":"open","sticky":false,"template":"","format":"standard","meta":{"footnotes":""},"categories":[8],"tags":[511],"class_list":{"0":"post-19973","1":"post","2":"type-post","3":"status-publish","4":"format-standard","5":"has-post-thumbnail","7":"category-nacionales","8":"tag-bloque-2"},"_links":{"self":[{"href":"https:\/\/zoomproducciones.com.ar\/zoomp\/wp-json\/wp\/v2\/posts\/19973","targetHints":{"allow":["GET"]}}],"collection":[{"href":"https:\/\/zoomproducciones.com.ar\/zoomp\/wp-json\/wp\/v2\/posts"}],"about":[{"href":"https:\/\/zoomproducciones.com.ar\/zoomp\/wp-json\/wp\/v2\/types\/post"}],"author":[{"embeddable":true,"href":"https:\/\/zoomproducciones.com.ar\/zoomp\/wp-json\/wp\/v2\/users\/2"}],"replies":[{"embeddable":true,"href":"https:\/\/zoomproducciones.com.ar\/zoomp\/wp-json\/wp\/v2\/comments?post=19973"}],"version-history":[{"count":1,"href":"https:\/\/zoomproducciones.com.ar\/zoomp\/wp-json\/wp\/v2\/posts\/19973\/revisions"}],"predecessor-version":[{"id":19978,"href":"https:\/\/zoomproducciones.com.ar\/zoomp\/wp-json\/wp\/v2\/posts\/19973\/revisions\/19978"}],"wp:featuredmedia":[{"embeddable":true,"href":"https:\/\/zoomproducciones.com.ar\/zoomp\/wp-json\/wp\/v2\/media\/19975"}],"wp:attachment":[{"href":"https:\/\/zoomproducciones.com.ar\/zoomp\/wp-json\/wp\/v2\/media?parent=19973"}],"wp:term":[{"taxonomy":"category","embeddable":true,"href":"https:\/\/zoomproducciones.com.ar\/zoomp\/wp-json\/wp\/v2\/categories?post=19973"},{"taxonomy":"post_tag","embeddable":true,"href":"https:\/\/zoomproducciones.com.ar\/zoomp\/wp-json\/wp\/v2\/tags?post=19973"}],"curies":[{"name":"wp","href":"https:\/\/api.w.org\/{rel}","templated":true}]}}