{"id":19962,"date":"2024-11-19T08:26:10","date_gmt":"2024-11-19T11:26:10","guid":{"rendered":"https:\/\/zoomproducciones.com.ar\/zoomp\/?p=19962"},"modified":"2024-11-19T08:26:11","modified_gmt":"2024-11-19T11:26:11","slug":"paso-de-los-libres-continua-bajo-alerta-amarilla-por-tormentas","status":"publish","type":"post","link":"https:\/\/zoomproducciones.com.ar\/zoomp\/paso-de-los-libres-continua-bajo-alerta-amarilla-por-tormentas\/","title":{"rendered":"Paso de los Libres contin\u00faa bajo alerta amarilla por tormentas"},"content":{"rendered":"\n<p>El Servicio Meteorol\u00f3gico Nacional mantiene la alerta amarilla por tormentas fuertes para Paso de los Libres y alrededores. Se prev\u00e9 que las tormentas, que podr\u00edan ser localmente intensas, afecten la zona durante la ma\u00f1ana y la tarde del martes, disminuyendo la probabilidad hacia la noche.<\/p>\n\n\n\n<p>Se espera una temperatura m\u00ednima de 18\u00b0C y una m\u00e1xima de 22\u00b0C, con una humedad del 96% y viento del este con r\u00e1fagas de hasta 50 km\/h.<\/p>\n","protected":false},"excerpt":{"rendered":"<p>El Servicio Meteorol\u00f3gico Nacional mantiene la alerta amarilla por tormentas fuertes para Paso de los Libres y alrededores. Se prev\u00e9 que las tormentas, que podr\u00edan ser localmente intensas, afecten la zona durante la ma\u00f1ana y la tarde del martes, disminuyendo la probabilidad hacia la noche. Se espera una temperatura m\u00ednima de 18\u00b0C y una m\u00e1xima [&hellip;]<\/p>\n","protected":false},"author":2,"featured_media":19687,"comment_status":"closed","ping_status":"open","sticky":false,"template":"","format":"standard","meta":{"footnotes":""},"categories":[5],"tags":[42],"class_list":{"0":"post-19962","1":"post","2":"type-post","3":"status-publish","4":"format-standard","5":"has-post-thumbnail","7":"category-locales","8":"tag-featured"},"_links":{"self":[{"href":"https:\/\/zoomproducciones.com.ar\/zoomp\/wp-json\/wp\/v2\/posts\/19962","targetHints":{"allow":["GET"]}}],"collection":[{"href":"https:\/\/zoomproducciones.com.ar\/zoomp\/wp-json\/wp\/v2\/posts"}],"about":[{"href":"https:\/\/zoomproducciones.com.ar\/zoomp\/wp-json\/wp\/v2\/types\/post"}],"author":[{"embeddable":true,"href":"https:\/\/zoomproducciones.com.ar\/zoomp\/wp-json\/wp\/v2\/users\/2"}],"replies":[{"embeddable":true,"href":"https:\/\/zoomproducciones.com.ar\/zoomp\/wp-json\/wp\/v2\/comments?post=19962"}],"version-history":[{"count":1,"href":"https:\/\/zoomproducciones.com.ar\/zoomp\/wp-json\/wp\/v2\/posts\/19962\/revisions"}],"predecessor-version":[{"id":19965,"href":"https:\/\/zoomproducciones.com.ar\/zoomp\/wp-json\/wp\/v2\/posts\/19962\/revisions\/19965"}],"wp:featuredmedia":[{"embeddable":true,"href":"https:\/\/zoomproducciones.com.ar\/zoomp\/wp-json\/wp\/v2\/media\/19687"}],"wp:attachment":[{"href":"https:\/\/zoomproducciones.com.ar\/zoomp\/wp-json\/wp\/v2\/media?parent=19962"}],"wp:term":[{"taxonomy":"category","embeddable":true,"href":"https:\/\/zoomproducciones.com.ar\/zoomp\/wp-json\/wp\/v2\/categories?post=19962"},{"taxonomy":"post_tag","embeddable":true,"href":"https:\/\/zoomproducciones.com.ar\/zoomp\/wp-json\/wp\/v2\/tags?post=19962"}],"curies":[{"name":"wp","href":"https:\/\/api.w.org\/{rel}","templated":true}]}}