{"id":19961,"date":"2024-11-19T08:26:08","date_gmt":"2024-11-19T11:26:08","guid":{"rendered":"https:\/\/zoomproducciones.com.ar\/zoomp\/?p=19961"},"modified":"2024-11-19T08:26:09","modified_gmt":"2024-11-19T11:26:09","slug":"el-gobierno-le-revoco-la-jubilacion-a-amado-boudou-tras-condena","status":"publish","type":"post","link":"https:\/\/zoomproducciones.com.ar\/zoomp\/el-gobierno-le-revoco-la-jubilacion-a-amado-boudou-tras-condena\/","title":{"rendered":"El Gobierno le revoc\u00f3 la jubilaci\u00f3n a Amado Boudou tras condena"},"content":{"rendered":"\n<p>La ANSES revoc\u00f3 la pensi\u00f3n vitalicia del exvicepresidente Amado Boudou, luego de la confirmaci\u00f3n de su condena por cohecho pasivo y negociaciones incompatibles con la funci\u00f3n p\u00fablica. La Resoluci\u00f3n 1103\/2024, publicada hoy en el Bolet\u00edn Oficial, argumenta que la condena lo descalifica para recibir beneficios graciables otorgados por la Ley 24.018.<\/p>\n\n\n\n<p>El organismo considera que la \u00abindignidad sobreviniente\u00bb de Boudou afecta su derecho a la pensi\u00f3n, una \u00abgracia otorgada en reconocimiento del m\u00e9rito y del honor\u00bb, valores que fueron violados por las conductas delictivas. La ANSES subraya que este beneficio no es inalienable ni irrevocable, sino que est\u00e1 condicionado al buen desempe\u00f1o en el cargo, incompatible con la conducta deshonrosa del exvicepresidente.<\/p>\n\n\n\n<p>La resoluci\u00f3n busca sentar un precedente, destacando el \u00absignificado ejemplar\u00bb que la p\u00e9rdida de estos privilegios tiene para la sociedad y la clase pol\u00edtica.<\/p>\n","protected":false},"excerpt":{"rendered":"<p>La ANSES revoc\u00f3 la pensi\u00f3n vitalicia del exvicepresidente Amado Boudou, luego de la confirmaci\u00f3n de su condena por cohecho pasivo y negociaciones incompatibles con la funci\u00f3n p\u00fablica. La Resoluci\u00f3n 1103\/2024, publicada hoy en el Bolet\u00edn Oficial, argumenta que la condena lo descalifica para recibir beneficios graciables otorgados por la Ley 24.018. El organismo considera que [&hellip;]<\/p>\n","protected":false},"author":2,"featured_media":19963,"comment_status":"closed","ping_status":"open","sticky":false,"template":"","format":"standard","meta":{"footnotes":""},"categories":[8],"tags":[42],"class_list":{"0":"post-19961","1":"post","2":"type-post","3":"status-publish","4":"format-standard","5":"has-post-thumbnail","7":"category-nacionales","8":"tag-featured"},"_links":{"self":[{"href":"https:\/\/zoomproducciones.com.ar\/zoomp\/wp-json\/wp\/v2\/posts\/19961","targetHints":{"allow":["GET"]}}],"collection":[{"href":"https:\/\/zoomproducciones.com.ar\/zoomp\/wp-json\/wp\/v2\/posts"}],"about":[{"href":"https:\/\/zoomproducciones.com.ar\/zoomp\/wp-json\/wp\/v2\/types\/post"}],"author":[{"embeddable":true,"href":"https:\/\/zoomproducciones.com.ar\/zoomp\/wp-json\/wp\/v2\/users\/2"}],"replies":[{"embeddable":true,"href":"https:\/\/zoomproducciones.com.ar\/zoomp\/wp-json\/wp\/v2\/comments?post=19961"}],"version-history":[{"count":1,"href":"https:\/\/zoomproducciones.com.ar\/zoomp\/wp-json\/wp\/v2\/posts\/19961\/revisions"}],"predecessor-version":[{"id":19964,"href":"https:\/\/zoomproducciones.com.ar\/zoomp\/wp-json\/wp\/v2\/posts\/19961\/revisions\/19964"}],"wp:featuredmedia":[{"embeddable":true,"href":"https:\/\/zoomproducciones.com.ar\/zoomp\/wp-json\/wp\/v2\/media\/19963"}],"wp:attachment":[{"href":"https:\/\/zoomproducciones.com.ar\/zoomp\/wp-json\/wp\/v2\/media?parent=19961"}],"wp:term":[{"taxonomy":"category","embeddable":true,"href":"https:\/\/zoomproducciones.com.ar\/zoomp\/wp-json\/wp\/v2\/categories?post=19961"},{"taxonomy":"post_tag","embeddable":true,"href":"https:\/\/zoomproducciones.com.ar\/zoomp\/wp-json\/wp\/v2\/tags?post=19961"}],"curies":[{"name":"wp","href":"https:\/\/api.w.org\/{rel}","templated":true}]}}