{"id":19959,"date":"2024-11-19T08:26:13","date_gmt":"2024-11-19T11:26:13","guid":{"rendered":"https:\/\/zoomproducciones.com.ar\/zoomp\/?p=19959"},"modified":"2024-11-19T09:07:59","modified_gmt":"2024-11-19T12:07:59","slug":"goya-investigan-muerte-de-un-joven-tras-ser-presuntamente-atropellado-por-un-patrullero","status":"publish","type":"post","link":"https:\/\/zoomproducciones.com.ar\/zoomp\/goya-investigan-muerte-de-un-joven-tras-ser-presuntamente-atropellado-por-un-patrullero\/","title":{"rendered":"Goya: investigan muerte de un hombre tras ser  atropellado cuatro veces por un patrullero"},"content":{"rendered":"\n<p>El ministro de Seguridad de Corrientes, Juan Alfredo Vallejos, confirm\u00f3 que la Prefectura Nacional Argentina se har\u00e1 cargo de la investigaci\u00f3n de la muerte de Carlos Andr\u00e9s Bartlett, de 37 a\u00f1os, ocurrida durante un operativo policial en Goya. Dos polic\u00edas fueron pasados a disponibilidad mientras se esclarecen los hechos.<\/p>\n\n\n\n<p>La familia de Bartlett denuncia que el joven fue atropellado al menos cuatro veces por un m\u00f3vil policial. Videos del incidente muestran al veh\u00edculo de la Comisar\u00eda Primera avanzando sobre Bartlett. La fiscal Mar\u00eda Elena S\u00e1nchez, a cargo del caso, solicit\u00f3 la intervenci\u00f3n de Prefectura para garantizar la imparcialidad de la investigaci\u00f3n.<\/p>\n\n\n\n<p>Si bien la autopsia preliminar indica una muerte no traum\u00e1tica, el ministro Vallejos reconoci\u00f3 la necesidad de ampliar los estudios. \u00abLas lesiones no ser\u00edan compatibles con el deceso, pero eso no exime a los agentes si hubo uso indebido de fuerza\u201d, afirm\u00f3. El Ministerio de Seguridad inici\u00f3 un sumario interno a trav\u00e9s de Asuntos Internos para determinar si el accionar policial fue adecuado.<\/p>\n","protected":false},"excerpt":{"rendered":"<p>El ministro de Seguridad de Corrientes, Juan Alfredo Vallejos, confirm\u00f3 que la Prefectura Nacional Argentina se har\u00e1 cargo de la investigaci\u00f3n de la muerte de Carlos Andr\u00e9s Bartlett, de 37 a\u00f1os, ocurrida durante un operativo policial en Goya. Dos polic\u00edas fueron pasados a disponibilidad mientras se esclarecen los hechos. La familia de Bartlett denuncia que [&hellip;]<\/p>\n","protected":false},"author":2,"featured_media":19960,"comment_status":"closed","ping_status":"open","sticky":false,"template":"","format":"standard","meta":{"footnotes":""},"categories":[3],"tags":[42],"class_list":{"0":"post-19959","1":"post","2":"type-post","3":"status-publish","4":"format-standard","5":"has-post-thumbnail","7":"category-provinciales","8":"tag-featured"},"_links":{"self":[{"href":"https:\/\/zoomproducciones.com.ar\/zoomp\/wp-json\/wp\/v2\/posts\/19959","targetHints":{"allow":["GET"]}}],"collection":[{"href":"https:\/\/zoomproducciones.com.ar\/zoomp\/wp-json\/wp\/v2\/posts"}],"about":[{"href":"https:\/\/zoomproducciones.com.ar\/zoomp\/wp-json\/wp\/v2\/types\/post"}],"author":[{"embeddable":true,"href":"https:\/\/zoomproducciones.com.ar\/zoomp\/wp-json\/wp\/v2\/users\/2"}],"replies":[{"embeddable":true,"href":"https:\/\/zoomproducciones.com.ar\/zoomp\/wp-json\/wp\/v2\/comments?post=19959"}],"version-history":[{"count":3,"href":"https:\/\/zoomproducciones.com.ar\/zoomp\/wp-json\/wp\/v2\/posts\/19959\/revisions"}],"predecessor-version":[{"id":19989,"href":"https:\/\/zoomproducciones.com.ar\/zoomp\/wp-json\/wp\/v2\/posts\/19959\/revisions\/19989"}],"wp:featuredmedia":[{"embeddable":true,"href":"https:\/\/zoomproducciones.com.ar\/zoomp\/wp-json\/wp\/v2\/media\/19960"}],"wp:attachment":[{"href":"https:\/\/zoomproducciones.com.ar\/zoomp\/wp-json\/wp\/v2\/media?parent=19959"}],"wp:term":[{"taxonomy":"category","embeddable":true,"href":"https:\/\/zoomproducciones.com.ar\/zoomp\/wp-json\/wp\/v2\/categories?post=19959"},{"taxonomy":"post_tag","embeddable":true,"href":"https:\/\/zoomproducciones.com.ar\/zoomp\/wp-json\/wp\/v2\/tags?post=19959"}],"curies":[{"name":"wp","href":"https:\/\/api.w.org\/{rel}","templated":true}]}}